{"id":9210,"date":"2017-03-23T11:02:30","date_gmt":"2017-03-23T10:02:30","guid":{"rendered":"http:\/\/www.mojevrijeme.hr\/magazin\/?p=9210"},"modified":"2017-03-23T11:24:44","modified_gmt":"2017-03-23T10:24:44","slug":"petrovic-izvest-cemo-umirovljenike-na-ceste","status":"publish","type":"post","link":"https:\/\/www.mojevrijeme.hr\/magazin\/2017\/03\/petrovic-izvest-cemo-umirovljenike-na-ceste\/","title":{"rendered":"Jasna Petrovi\u0107: Izvest \u0107emo umirovljenike na ceste!"},"content":{"rendered":"<p>Iako se o umirovljenicima pri\u010da kao o socijalnoj bombi, rije\u010d je o vrlo krotkoj dru\u0161tvenoj skupini koja pla\u0107a gre\u0161ke svih hrvatskih vlada. Za razliku od gr\u010dkih vr\u0161njaka, ne izlaze na ulice i ne prevr\u0107u policijska vozila. \u00a0Kako \u017eive i za\u0161to su hrvatski umirovljenici politi\u010dki umrtvljeni, <strong><a href=\"http:\/\/www.dw.com\/hr\/jasna-a-petrovi%C4%87-izvest-%C4%87emo-umirovljenike-na-ceste\/a-38083781\" target=\"_blank\">Deutsche Welle<\/a><\/strong> je pitao predsjednicu Sindikata umirovljenika Hrvatske <strong>Jasnu A. Petrovi\u0107<\/strong>. Rije\u010d je o najprepoznatljivijem nestrana\u010dkom licu\u00a0koje govori u ime starijih generacija. Sindikat umirovljenika je dobrovoljna, nestrana\u010dka, humanitarna interesna udruga civilnog dru\u0161tva, koja se sindikalnim oblicima djelovanja bori za ostvarenje socijalnih, ekonomskih i gra\u0111anskih prava starijih osoba jo\u0161 od 1992. godine.<\/p>\n<p><strong>DW: Koliko Hrvatska danas broji umirovljenika i kako biste ocijenili njihov socijalni status? Naime, \u010desto se govori o siroma\u0161tvu starijih osoba, no rijetko se bune. Siroma\u0161ni su, ali su spremni trpjeti?<\/strong><\/p>\n<p>Jasna A. Petrovi\u0107: Prema Zakonu o mirovinskom osiguranju imamo 1,24 milijuna umirovljenika. No moram spomenuti i one koji dobivaju mirovine prema me\u0111udr\u017eavnim sporazumima, jer su u biv\u0161oj dr\u017eavi radili za tvrtke iz Srbije, Makedonije\u2026 a da se nisu maknuli iz Hrvatske. Te su mirovine jako niske. Njih ne vole stavljati u prosjek jer bi se tada vidjela stvarna bijeda. Stari trpe, ne ru\u0161e vladu, to je kulturolo\u0161ki obrazac. No u novije vrijeme vlada osje\u0107aj poni\u017eenja. Kad izgubite kontrolu nad vlastitim \u017eivotom nema mjesta ni za nadu, ni za strah, dolazi jedna vrsta suhe depresije. Ona isklju\u010duje ljude. To je odgovor za\u0161to jedna velika masa ljudi dopu\u0161ta da ih se tla\u010di.<\/p><div id=\"mojev-89606082\" class=\"mojev-u-tekstu mojev-entity-placement\" style=\"margin-left: auto;margin-right: auto;text-align: center;\"><div class=\"mojev-adlabel\">oglas<\/div><div style=\"height: 250px;\"><script async src=\"https:\/\/pagead2.googlesyndication.com\/pagead\/js\/adsbygoogle.js?client=ca-pub-8106111766207173\"\r\n     crossorigin=\"anonymous\"><\/script>\r\n<!-- Prikazni 1 u tekstu -->\r\n<ins class=\"adsbygoogle\"\r\n     style=\"display:block\"\r\n     data-ad-client=\"ca-pub-8106111766207173\"\r\n     data-ad-slot=\"8535551207\"\r\n     data-ad-format=\"auto\"\r\n     data-full-width-responsive=\"true\"><\/ins>\r\n<script>\r\n     (adsbygoogle = window.adsbygoogle || []).push({});\r\n<\/script><\/div><\/div><br style=\"clear: both; display: block; float: none;\"\/>\n<p><strong>Mo\u017ee li se to promijeniti?<\/strong><\/p>\n<p>Mo\u017eda nas Vlada nije dobro procijenila. Komuniciramo brojnim kanalima s umirovljenicima i osje\u0107amo da dolazi trenutak doticanja dna. Kada nemate izlaza, morate biti hrabri. Mislim da se stariji ljudi pokre\u0107u. Ako ih Vlada ne\u0107e uzeti zaozbiljno, bit \u0107e spremni za vi\u0161e od podizanja ruke na sebe. Imamo 19% starijih od 65 godina, ali me\u0111u samoubojicama \u010dine udio od 41%. To raste. U jednom \u0107emo ih trenutku izvesti na ceste.<\/p>\n<p><strong>Sve su dosada\u0161nje vlade govorile o reformama poreznog sustava, no \u0161to je Plenkovi\u0107eva vlada donijela umirovljenicima?<\/strong><\/p>\n<p>Sve najgore. Tu smo definitivno izgubili nadu. U predizbornoj kampanji smo probali povjerovati da \u0107e se donijeti socijalna mirovina, da \u0107e se popraviti porezne okolnosti. Ali sve je pogor\u0161ano. U maniri Superhika uzeli su siroma\u0161nima i dali bogatima. Podigli su mirovine iznad 6.200 kuna. I to od 6 kuna pa do vi\u0161e od 3.200 kuna koliko iznosi povi\u0161ica biv\u0161eg predsjednika Mesi\u0107a i udovice prvog predsjednika Tu\u0111mana. Njima \u0107e se i kroz idu\u0107e tri godine vra\u0107ati onih 10% koje je Milanovi\u0107eva vlada oduzela i stvorila u\u0161tedu od 330 milijuna kuna godi\u0161nje koje je mogla usmjeriti u socijalne politike.<\/p>\n<div id=\"attachment_9217\" style=\"width: 750px\" class=\"wp-caption aligncenter\"><img loading=\"lazy\" decoding=\"async\" aria-describedby=\"caption-attachment-9217\" class=\"size-full wp-image-9217\" src=\"http:\/\/www.mojevrijeme.hr\/magazin\/wp-content\/uploads\/2017\/03\/superhik-glas-umirovljenika-1.jpg\" alt=\"\" width=\"740\" height=\"410\" srcset=\"https:\/\/www.mojevrijeme.hr\/magazin\/wp-content\/uploads\/2017\/03\/superhik-glas-umirovljenika-1.jpg 740w, https:\/\/www.mojevrijeme.hr\/magazin\/wp-content\/uploads\/2017\/03\/superhik-glas-umirovljenika-1-636x352.jpg 636w\" sizes=\"auto, (max-width: 740px) 100vw, 740px\" \/><p id=\"caption-attachment-9217\" class=\"wp-caption-text\">foto: Glas umirovljenika<\/p><\/div>\n<p><strong>Ali u HDZ-u ka\u017eu da se onima s malim mirovinama ne mo\u017ee vratiti porez koji nisu nikada ni pla\u0107ali.<\/strong><\/p>\n<p>To se onda ne zove cjelovita reforma. To je neozbiljno jer \u0107e bogatijima dati puno vi\u0161e, a da pri tome paralelno nisi proizveo socijalne amortizere. Trebali su promijeniti na\u010dine izra\u010duna uskla\u0111ivanja i uvesti socijalnu mirovinu. Suludo je i\u0107i u reformu, a da nisi osigurao ni\u0161ta od amortizera i pomogao siroma\u0161nima. To je stvorilo veliko nepovjerenje prema vladi. Uz to su se nerijetko davale izjave kako umirovljenika ima previ\u0161e. Tko nas je umirovio?<\/p>\n<p><strong>Kao da nisu nikada radili, na umirovljenike se gleda kao na parazite\u2026<\/strong><\/p>\n<p>Tako je!<\/p>\n<p><strong>\u2026 ali i oni izme\u0111u sebe tra\u017ee privilegirane skupine; od biv\u0161ih partizana preko umirovljenih branitelja do biv\u0161ih saborskih zastupnika. Prema posebnim propisima umirovljeno je 178 tisu\u0107a ljudi.<\/strong><\/p>\n<p>72 tisu\u0107e branitelja, njihove udovice i djeca imaju prosje\u010dnu mirovinu oko 5.500 kuna, zna\u010di dvostruko vi\u0161e od prosjeka gra\u0111ana koji su radili, a njihov prosjek radnog sta\u017ea je, iz razumljivih razloga, minimalan. Na\u017ealost tada\u0161nje vlade nisu predvidjele politike njihove reintegracije pa su ih pretvorili u socijalu s opskrbninama ili su im na temelju fiktivnog invaliditeta dali visoke mirovine. Nitko nije analizirao koliko \u0107e mu\u0161karaca starih 65 godina i \u017eena starih 60 godina iz te populacije uskoro sti\u0107i na minimalnu mirovinu od 2.560 kuna. Za druge skupine ne postoje propisane minimalne mirovine.<\/p>\n<p><strong>Usprkos starom dru\u0161tvu, stariji gra\u0111ani ne koriste svoju politi\u010dku mo\u0107. Upravo su umirovljenici okrivljeni da su referendumskom odlukom sprije\u010dili odcjepljenje \u0160kotske. A u Hrvatskoj?<\/strong><\/p>\n<p>Tu\u017eno pitanje i istina. Tu je onaj emotivni obrazac i naslje\u0111e socijalizma. Bili smo mali pioniri koji moraju biti po\u0161teni, odani, vjerni\u2026 Dnevno \u010dujemo da se ne valja bosti s rogatima. Ali raste i broj onih koji se daju izmanipulirati zbog osje\u0107aja poni\u017eenosti. Oni bi glasali za Trumpa u Americi, ne zato \u0161to mu vjeruju, ve\u0107 zato \u0161to \u017eele promjene. Izuzev Vara\u017edina i Istarske \u017eupanije, nigdje ne postoji savjet starijih osoba na lokalnoj razini, a tamo se grade domovi, utvr\u0111uju potpore, javni prijevozi\u2026 sva ta pitanja koja su jako bitna starijima.<\/p>\n<p><strong>Za kraj, jesu li istinite tvrdnje da su umirovljenici jugonostalgi\u010dari?<\/strong><\/p>\n<p>Jesu. Ali takva nostalgija je tipi\u010dna za sve nove \u010dlanice EU-a, ne samo za zemlje biv\u0161e Jugoslavije. U mnogo\u010demu je do\u0161lo do poni\u017eavanja, marginalizacija i ismijavanja starijih osoba. Ne zaboravite da je \u010dak i premijer Milanovi\u0107 2012. godine rekao da ima previ\u0161e umirovljenika. To se nastavlja. Ugledni ekonomist Velimir \u0160onje govori da postoje \u201epenzioneri\u201c i \u201epenzioderi\u201c. Prvi, valjda, \u0161ute i sve prihva\u0107aju. Prijavili smo i njega i Milanovi\u0107a. Nastojimo da bar budu pristojniji, ako ve\u0107 ne\u0107e pomo\u0107i da siromasi ne skupljaju iz kanti za sme\u0107e. Neka barem glume da je ovo zemlja koja voli svoje stare. Prema Eurostatu, osobe starije od 65 godina su najnezadovoljnije svojim \u017eivotom u Hrvatskoj, Bugarskoj i Ma\u0111arskoj. Imamo najtu\u017enije i najnezadovoljnije stare. Neka se vlast zapita je li uputno uz 1,2 milijuna starih nastaviti s ovakvim politikama. \u010cini mi se da je to opasan hod po \u017eiletu.<\/p>\n<p><strong><em>Cijeli intervju <a href=\"http:\/\/www.dw.com\/hr\/jasna-a-petrovi%C4%87-izvest-%C4%87emo-umirovljenike-na-ceste\/a-38083781\" target=\"_blank\">pro\u010ditajte na stranicama Deutsche Wellea<\/a>.<\/em><\/strong><\/p>\n<div id=\"mojev-3579899614\" class=\"mojev-kraj-teksta mojev-entity-placement\" style=\"margin-bottom: 20px;margin-left: auto;margin-right: auto;text-align: center;\"><div class=\"mojev-adlabel\">oglas<\/div><div style=\"height: 250px;\"><script async src=\"https:\/\/pagead2.googlesyndication.com\/pagead\/js\/adsbygoogle.js?client=ca-pub-8106111766207173\"\r\n     crossorigin=\"anonymous\"><\/script>\r\n<!-- Display-1 -->\r\n<ins class=\"adsbygoogle\"\r\n     style=\"display:block\"\r\n     data-ad-client=\"ca-pub-8106111766207173\"\r\n     data-ad-slot=\"1465712950\"\r\n     data-ad-format=\"auto\"\r\n     data-full-width-responsive=\"true\"><\/ins>\r\n<script>\r\n     (adsbygoogle = window.adsbygoogle || []).push({});\r\n<\/script><\/div><\/div>","protected":false},"excerpt":{"rendered":"<p>Neka se vlast zapita je li uputno uz 1,2 milijuna starih nastaviti s ovakvim politikama. \u010cini mi se da je to opasan hod po \u017eiletu. Prema Eurostatu, osobe starije od 65 godina su najnezadovoljnije svojim \u017eivotom u Hrvatskoj, Bugarskoj i Ma\u0111arskoj. Imamo najtu\u017enije i najnezadovoljnije stare<\/p>\n","protected":false},"author":1,"featured_media":5688,"comment_status":"closed","ping_status":"open","sticky":false,"template":"","format":"standard","meta":{"footnotes":""},"categories":[9],"tags":[684,167,237],"class_list":["post-9210","post","type-post","status-publish","format-standard","has-post-thumbnail","hentry","category-vijesti","tag-jasna-petrovic","tag-sindikat-umirovljenika","tag-siromastvo"],"_links":{"self":[{"href":"https:\/\/www.mojevrijeme.hr\/magazin\/wp-json\/wp\/v2\/posts\/9210","targetHints":{"allow":["GET"]}}],"collection":[{"href":"https:\/\/www.mojevrijeme.hr\/magazin\/wp-json\/wp\/v2\/posts"}],"about":[{"href":"https:\/\/www.mojevrijeme.hr\/magazin\/wp-json\/wp\/v2\/types\/post"}],"author":[{"embeddable":true,"href":"https:\/\/www.mojevrijeme.hr\/magazin\/wp-json\/wp\/v2\/users\/1"}],"replies":[{"embeddable":true,"href":"https:\/\/www.mojevrijeme.hr\/magazin\/wp-json\/wp\/v2\/comments?post=9210"}],"version-history":[{"count":0,"href":"https:\/\/www.mojevrijeme.hr\/magazin\/wp-json\/wp\/v2\/posts\/9210\/revisions"}],"wp:featuredmedia":[{"embeddable":true,"href":"https:\/\/www.mojevrijeme.hr\/magazin\/wp-json\/wp\/v2\/media\/5688"}],"wp:attachment":[{"href":"https:\/\/www.mojevrijeme.hr\/magazin\/wp-json\/wp\/v2\/media?parent=9210"}],"wp:term":[{"taxonomy":"category","embeddable":true,"href":"https:\/\/www.mojevrijeme.hr\/magazin\/wp-json\/wp\/v2\/categories?post=9210"},{"taxonomy":"post_tag","embeddable":true,"href":"https:\/\/www.mojevrijeme.hr\/magazin\/wp-json\/wp\/v2\/tags?post=9210"}],"curies":[{"name":"wp","href":"https:\/\/api.w.org\/{rel}","templated":true}]}}