{"id":922,"date":"2014-09-30T18:28:32","date_gmt":"2014-09-30T16:28:32","guid":{"rendered":"http:\/\/mojevrijeme.hr\/magazin\/?p=922"},"modified":"2014-10-04T19:05:10","modified_gmt":"2014-10-04T17:05:10","slug":"kad-prestajemo-biti-mladi","status":"publish","type":"post","link":"https:\/\/www.mojevrijeme.hr\/magazin\/2014\/09\/kad-prestajemo-biti-mladi\/","title":{"rendered":"Kad prestajemo biti mladi?"},"content":{"rendered":"<p>Portal <a title=\"Huffington Post\" href=\"http:\/\/www.huffingtonpost.com\/\" target=\"_blank\">Huffington Post<\/a> prikupio je zanimljive odgovore na pitanje: Kad ste ustanovili da vi\u0161e niste mladi? Provjerite \u0161to su rekli njihovi \u010ditatelji i poklapaju li se njihovi odgovori s va\u0161ima.<\/p>\n<p><strong>Michael:<\/strong> Kad sam svoj omiljeni bend \u010duo na Retro radiju.<\/p>\n<p><strong>Aurora:<\/strong> S 43 godne.<\/p><div id=\"mojev-4148053531\" class=\"mojev-u-tekstu mojev-entity-placement\" style=\"margin-left: auto;margin-right: auto;text-align: center;\"><div class=\"mojev-adlabel\">oglas<\/div><div style=\"height: 250px;\"><script async src=\"https:\/\/pagead2.googlesyndication.com\/pagead\/js\/adsbygoogle.js?client=ca-pub-8106111766207173\"\r\n     crossorigin=\"anonymous\"><\/script>\r\n<!-- Prikazni 1 u tekstu -->\r\n<ins class=\"adsbygoogle\"\r\n     style=\"display:block\"\r\n     data-ad-client=\"ca-pub-8106111766207173\"\r\n     data-ad-slot=\"8535551207\"\r\n     data-ad-format=\"auto\"\r\n     data-full-width-responsive=\"true\"><\/ins>\r\n<script>\r\n     (adsbygoogle = window.adsbygoogle || []).push({});\r\n<\/script><\/div><\/div><br style=\"clear: both; display: block; float: none;\"\/>\n<p><strong>Vicky:<\/strong> Kad mi je mu\u017e po\u010deo otvarati vrata \u2013 opet!<\/p>\n<p><strong>Susan:<\/strong> Kad sam nedavno ustanovila kako moj vrat doista izgleda.<\/p>\n<p><strong>Bonny:<\/strong> Skoro svaki put kad se pogledam u ogledalo.<\/p>\n<p><strong>Vanessa:<\/strong> Kad su me moja djeca po\u010dela u svemu nadma\u0161ivati.<\/p>\n<p><strong>Bonnie:<\/strong> Kad sam u rujnu napunila 60. Jo\u0161 uvijek se privikavam na to.<\/p>\n<p><strong>Sandhi:<\/strong> Kad sa do\u0161la u parfumeriju kupiti svoj omiljeni parfem, a prodava\u010dica me pitala je li to poklon za moju baku!<\/p>\n<p><strong>Maria:<\/strong> Danas! Upla\u0161ilo me!<\/p>\n<p><strong>Deborah:<\/strong> Kad me klijent upitao jesam li ve\u0107 dugo kozmeti\u010darka.<\/p>\n<p><strong>Darlene:<\/strong> Zadnji put kad sam bila u zabavnom parklu. Nakol ludih vo\u017enji boljele su me sve kosti i krvarile u\u0161i.<\/p>\n<p><strong>Deborah:<\/strong> Kad sam imala 34 i starija prijateljica mi je rekla da njezin sin ima 23 godine. Pitala sam: \u201eKako je mogu\u0107e da Todd ima 23? Pa ja imam 23!\u201c Tada sam osvijestila da vi\u0161e nisam u dvadesetima.<\/p>\n<p><strong>Sheila:<\/strong> Kad sam suvremenu glazbu po\u010dela smatrati groznom.<\/p>\n<p><strong>Nancy:<\/strong> Kad izgovorim ne\u0161to poput: \u201eAh, ti dana\u0161nji klinci!\u201c<\/p>\n<p><strong>Doris:<\/strong> Kad su me svi uporno po\u010deli oslovljavati s \u201egospo\u0111o\u201c.<\/p>\n<div id=\"mojev-811621435\" class=\"mojev-kraj-teksta mojev-entity-placement\" style=\"margin-bottom: 20px;margin-left: auto;margin-right: auto;text-align: center;\"><div class=\"mojev-adlabel\">oglas<\/div><div style=\"height: 250px;\"><script async src=\"https:\/\/pagead2.googlesyndication.com\/pagead\/js\/adsbygoogle.js?client=ca-pub-8106111766207173\"\r\n     crossorigin=\"anonymous\"><\/script>\r\n<!-- Display-1 -->\r\n<ins class=\"adsbygoogle\"\r\n     style=\"display:block\"\r\n     data-ad-client=\"ca-pub-8106111766207173\"\r\n     data-ad-slot=\"1465712950\"\r\n     data-ad-format=\"auto\"\r\n     data-full-width-responsive=\"true\"><\/ins>\r\n<script>\r\n     (adsbygoogle = window.adsbygoogle || []).push({});\r\n<\/script><\/div><\/div>","protected":false},"excerpt":{"rendered":"<p>Mladost i starost relativan su pojam i kod svake je osobe druga\u010dije. Evo nekih zanimljivih odgovora na pitanje: Kad ste prvi put ustanovili da vi\u0161e i niste tako mladi?<\/p>\n","protected":false},"author":1,"featured_media":1035,"comment_status":"closed","ping_status":"open","sticky":false,"template":"","format":"standard","meta":{"footnotes":""},"categories":[85],"tags":[203,132],"class_list":["post-922","post","type-post","status-publish","format-standard","has-post-thumbnail","hentry","category-aktivno-starenje","tag-mladost","tag-starost"],"_links":{"self":[{"href":"https:\/\/www.mojevrijeme.hr\/magazin\/wp-json\/wp\/v2\/posts\/922","targetHints":{"allow":["GET"]}}],"collection":[{"href":"https:\/\/www.mojevrijeme.hr\/magazin\/wp-json\/wp\/v2\/posts"}],"about":[{"href":"https:\/\/www.mojevrijeme.hr\/magazin\/wp-json\/wp\/v2\/types\/post"}],"author":[{"embeddable":true,"href":"https:\/\/www.mojevrijeme.hr\/magazin\/wp-json\/wp\/v2\/users\/1"}],"replies":[{"embeddable":true,"href":"https:\/\/www.mojevrijeme.hr\/magazin\/wp-json\/wp\/v2\/comments?post=922"}],"version-history":[{"count":0,"href":"https:\/\/www.mojevrijeme.hr\/magazin\/wp-json\/wp\/v2\/posts\/922\/revisions"}],"wp:featuredmedia":[{"embeddable":true,"href":"https:\/\/www.mojevrijeme.hr\/magazin\/wp-json\/wp\/v2\/media\/1035"}],"wp:attachment":[{"href":"https:\/\/www.mojevrijeme.hr\/magazin\/wp-json\/wp\/v2\/media?parent=922"}],"wp:term":[{"taxonomy":"category","embeddable":true,"href":"https:\/\/www.mojevrijeme.hr\/magazin\/wp-json\/wp\/v2\/categories?post=922"},{"taxonomy":"post_tag","embeddable":true,"href":"https:\/\/www.mojevrijeme.hr\/magazin\/wp-json\/wp\/v2\/tags?post=922"}],"curies":[{"name":"wp","href":"https:\/\/api.w.org\/{rel}","templated":true}]}}