{"id":92268,"date":"2023-11-29T23:39:28","date_gmt":"2023-11-29T22:39:28","guid":{"rendered":"https:\/\/www.mojevrijeme.hr\/magazin\/?p=92268"},"modified":"2023-12-12T11:45:02","modified_gmt":"2023-12-12T10:45:02","slug":"kristina-tomac-34-nitko-iz-mog-drustva-nije-se-zaposlio-u-gorskom-kotaru","status":"publish","type":"post","link":"https:\/\/www.mojevrijeme.hr\/magazin\/2023\/11\/kristina-tomac-34-nitko-iz-mog-drustva-nije-se-zaposlio-u-gorskom-kotaru\/","title":{"rendered":"Kristina Tomac (34): &#8216;Nitko iz mog dru\u0161tva nije se zaposlio u Gorskom kotaru&#8217;"},"content":{"rendered":"\n<p>Dijalozi s ljudima iz \u010dabarskog kraja uvijek nas dovedu do neugodnih statistika i svode se na to da je mladih svake godine manje, a starije stanovni\u0161tvo se posljedi\u010dno suo\u010dava s brojnim problemima. <\/p>\n\n\n\n<p>Uzet \u0107emo za primjer zaseok <strong>Skednari<\/strong> koji pripada goranskom mjestu <strong>Hrib<\/strong> u \u010dabarskom kraju, a u kojem je odrasla na\u0161a <strong>sugovornica Kristina Tomac<\/strong>: od 18 ku\u0107a, u samo su dvije mla\u0111e obitelji s djecom! Nekoliko je ku\u0107a zatvoreno, nekoliko pretvoreno u vikendice, u ostalima su samci ili tek dvoje starijih ljudi.<\/p>\n\n\n\n<p>Do prvog naselja Gerova kroz \u0161umu vodi uska cesta duga pet kilometara, pa kad jo\u0161 padne i snijeg, ljudi u ozbiljnijim godinama odsje\u010deni su od trgovine, ljekarne i po\u0161te, do njih se jednom tjedno probija tek gerontodoma\u0107ica. <\/p><div id=\"mojev-901626651\" class=\"mojev-u-tekstu mojev-entity-placement\" style=\"margin-left: auto;margin-right: auto;text-align: center;\"><div class=\"mojev-adlabel\">oglas<\/div><div style=\"height: 250px;\"><script async src=\"https:\/\/pagead2.googlesyndication.com\/pagead\/js\/adsbygoogle.js?client=ca-pub-8106111766207173\"\r\n     crossorigin=\"anonymous\"><\/script>\r\n<!-- Prikazni 1 u tekstu -->\r\n<ins class=\"adsbygoogle\"\r\n     style=\"display:block\"\r\n     data-ad-client=\"ca-pub-8106111766207173\"\r\n     data-ad-slot=\"8535551207\"\r\n     data-ad-format=\"auto\"\r\n     data-full-width-responsive=\"true\"><\/ins>\r\n<script>\r\n     (adsbygoogle = window.adsbygoogle || []).push({});\r\n<\/script><\/div><\/div><br style=\"clear: both; display: block; float: none;\"\/>\n\n\n\n<p>&#8220;Na\u0161 zaseok je prekrasan \u0161to se ti\u010de prirode, na sve strane svijeta prekrasan je pogled. No, starijima koji \u017eive sami je te\u0161ko, ljeti treba saditi, brati vo\u0107e, kositi oko ku\u0107e, cijepati drva, a zimi \u010distiti snijeg. To \u0161to nema javnog prijevoza samo im dodatno ote\u017eava svakodnevicu. Mje\u0161tani si poma\u017eu me\u0111usobno, ali kako su stariji te\u017ee im je, a mladih nema da preuzmu sve to na sebe, kao nekad&#8221;, ukazala je Kristina na realnost \u017eivota u brojnim zaba\u010denim i ra\u0161trkanim zaseocima.<\/p>\n\n\n\n<h3 class=\"wp-block-heading\">\u0160kolovanje u \u010cabru<\/h3>\n\n\n\n<p>Iako su joj roditelji predlagali da srednju \u0161kolu upi\u0161e u Rijeci, ona se u mla\u0111im danima nije dala iz svog goranskog kraja i inzistirala je na upisu u \u010dabarsku op\u0107u gimnaziju. Kako bi Kristini \u0161kola bila bli\u017ee, obitelj se tada iz Crnog Luga preselila u ku\u0107u na Hribu koju su roditelji kupili jo\u0161 dok je bila dijete te su je polako ure\u0111ivali i do tada koristili kao vikendicu. <\/p>\n\n\n\n<p>&#8220;Nisam po\u017ealila svoju odluku, tu sam provela predivne srednjo\u0161kolske dane. U razredu nas je bilo 15, sada je, na\u017ealost, gimnaziju upisalo svega \u0161estero u\u010denika. Jo\u0161 je poraznije da je trogodi\u0161nju strukovnu \u0161kolu upisalo samo troje u\u010denika i to su zbilja zabrinjavaju\u0107e brojke. Prije petnaest, dvadeset godina sve je bilo jo\u0161 barem malo \u017eivahnije, sada su mjesta pusta&#8221;, govori nam Kristina.<\/p>\n\n\n\n<h3 class=\"wp-block-heading\">Odselili i prijatelji<\/h3>\n\n\n\n<p>Kristinina ekipa iz srednje \u0161kole razi\u0161la se, nitko nije posao prona\u0161ao u Gradu \u010cabru. &#8220;Najbolje prijatelje za cijeli \u017eivot stekla sam upravo u srednjoj \u0161koli u \u010cabru. Istina, svi smo se razi\u0161li i vi\u0111amo se u rodnom kraju za blagdane, kad svi obavezno do\u0111emo u roditeljske ku\u0107e.&#8221;<\/p>\n\n\n\n<figure class=\"wp-block-image size-large\"><img loading=\"lazy\" decoding=\"async\" width=\"740\" height=\"444\" src=\"https:\/\/www.mojevrijeme.hr\/magazin\/wp-content\/uploads\/2023\/11\/kristina-i-prijatelji-740x444.jpg\" alt=\"\" class=\"wp-image-92527\" srcset=\"https:\/\/www.mojevrijeme.hr\/magazin\/wp-content\/uploads\/2023\/11\/kristina-i-prijatelji-740x444.jpg 740w, https:\/\/www.mojevrijeme.hr\/magazin\/wp-content\/uploads\/2023\/11\/kristina-i-prijatelji-636x382.jpg 636w, https:\/\/www.mojevrijeme.hr\/magazin\/wp-content\/uploads\/2023\/11\/kristina-i-prijatelji-768x461.jpg 768w, https:\/\/www.mojevrijeme.hr\/magazin\/wp-content\/uploads\/2023\/11\/kristina-i-prijatelji-1536x922.jpg 1536w, https:\/\/www.mojevrijeme.hr\/magazin\/wp-content\/uploads\/2023\/11\/kristina-i-prijatelji-1500x900.jpg 1500w, https:\/\/www.mojevrijeme.hr\/magazin\/wp-content\/uploads\/2023\/11\/kristina-i-prijatelji-1600x960.jpg 1600w, https:\/\/www.mojevrijeme.hr\/magazin\/wp-content\/uploads\/2023\/11\/kristina-i-prijatelji-590x354.jpg 590w, https:\/\/www.mojevrijeme.hr\/magazin\/wp-content\/uploads\/2023\/11\/kristina-i-prijatelji-400x240.jpg 400w, https:\/\/www.mojevrijeme.hr\/magazin\/wp-content\/uploads\/2023\/11\/kristina-i-prijatelji.jpg 2000w\" sizes=\"auto, (max-width: 740px) 100vw, 740px\" \/><figcaption class=\"wp-element-caption\">Kristina i prijatelji (foto: privatni album)<\/figcaption><\/figure>\n\n\n\n<p>&#8220;Moja <strong>Marina<\/strong> je kao diplomirana pravnica oti\u0161la \u017eivjeti i raditi <strong>u Njema\u010dku<\/strong>, <strong>Tomislav<\/strong> je zavr\u0161io Filozofski fakultet, \u017eivi <strong>u Ljubljani<\/strong> i predaje na fakultetu u Rijeci, a trenutno radi i na disertaciji. <strong>Jasmina<\/strong>, koja je zavr\u0161ila studij kemijskog in\u017eenjerstva u Ljubljani, zaposlila se <strong>u Kranju<\/strong> u susjednoj Sloveniji, a trenuta\u010dno je na porodiljnom i <strong>u \u010cabru<\/strong>. U Sloveniji u mjestu <strong>Ko\u010devje<\/strong> \u017eivi i radi i ekonomistica <strong>Ana<\/strong>, koja mi je i vjen\u010dana kuma&#8221;, povjerila nam je Kristina.\u00a0<\/p>\n\n\n\n<h3 class=\"wp-block-heading\">Prvo vjen\u010danje u zaseoku nakon 14 godina<\/h3>\n\n\n\n<p><strong>Kristina i Robert<\/strong> jesenas su svojim roditeljima ispunili veliku \u017eelju, vjen\u010dali su se u rodnom kraju. &#8220;Bolje da izumre selo, nego obi\u010daji&#8221;, nasmijat \u0107e se na\u0161a sugovornica na spomen vjen\u010danja. &#8220;Iako smo imali neke druge zamisli, pristali smo na ovaj kompromis i nismo po\u017ealili, svi iz na\u0161ih zaseoka do\u0161li su nam \u010destitati i proveseliti se s nama. Bilo mi je drago i kad je vele\u010dasni u crkvi rekao da je sretan \u0161to nekoga mo\u017ee vjen\u010dati nakon punih 14 godina, otkako tu nije bilo mladenaca&#8221;, doznajemo od na\u0161e sugovornice.\u00a0<\/p>\n\n\n\n<h3 class=\"wp-block-heading\">Povratak u mirovini \u2013 ako se poslo\u017ee karte<\/h3>\n\n\n\n<p>Iako je od pokojne bake u Razlogama, iznad izvora rijeke Kupe, naslijedila ku\u0107u koju planira preurediti, Kristina ne razmi\u0161lja o povratku u rodni kraj, barem ne prije mirovine. &#8220;Mirovina mi se zasad jo\u0161 \u010dini daleko i ne razmi\u0161ljam o tome, ali Robert se sigurno ne bi bunio da se tada vratimo, ako se karte poslo\u017ee. No, ja svakako na Hrib i u Razloge volim dolaziti vikendima, gotovo svaki drugi vikend sam kod roditelja. Osim prirode, ku\u0107i me jo\u0161 vuku i moja dva \u0161kotska ov\u010dara&#8221;, ispri\u010dala je.<\/p>\n\n\n\n<figure class=\"wp-block-image size-large\"><img loading=\"lazy\" decoding=\"async\" width=\"740\" height=\"444\" src=\"https:\/\/www.mojevrijeme.hr\/magazin\/wp-content\/uploads\/2023\/11\/kristina-tomac-zid-740x444.jpg\" alt=\"\" class=\"wp-image-92529\" srcset=\"https:\/\/www.mojevrijeme.hr\/magazin\/wp-content\/uploads\/2023\/11\/kristina-tomac-zid-740x444.jpg 740w, https:\/\/www.mojevrijeme.hr\/magazin\/wp-content\/uploads\/2023\/11\/kristina-tomac-zid-636x382.jpg 636w, https:\/\/www.mojevrijeme.hr\/magazin\/wp-content\/uploads\/2023\/11\/kristina-tomac-zid-768x461.jpg 768w, https:\/\/www.mojevrijeme.hr\/magazin\/wp-content\/uploads\/2023\/11\/kristina-tomac-zid-1536x922.jpg 1536w, https:\/\/www.mojevrijeme.hr\/magazin\/wp-content\/uploads\/2023\/11\/kristina-tomac-zid-1500x900.jpg 1500w, https:\/\/www.mojevrijeme.hr\/magazin\/wp-content\/uploads\/2023\/11\/kristina-tomac-zid-1600x960.jpg 1600w, https:\/\/www.mojevrijeme.hr\/magazin\/wp-content\/uploads\/2023\/11\/kristina-tomac-zid-590x354.jpg 590w, https:\/\/www.mojevrijeme.hr\/magazin\/wp-content\/uploads\/2023\/11\/kristina-tomac-zid-400x240.jpg 400w, https:\/\/www.mojevrijeme.hr\/magazin\/wp-content\/uploads\/2023\/11\/kristina-tomac-zid.jpg 2000w\" sizes=\"auto, (max-width: 740px) 100vw, 740px\" \/><figcaption class=\"wp-element-caption\">Kristina Tomac (foto: privatni album)<\/figcaption><\/figure>\n\n\n\n<p>Dotakle smo se potom u razgovoru i ima li se u kraju gdje malo iza\u0107i i podru\u017eiti, \u0161to je s restoranima, diskotekama, mjestima za zabavu starijih. &#8220;Kao tinejd\u017eerica i u svojim ranim dvadesetima voljela sam izlaziti i sre\u0107om su u vrijeme dok sam bila srednjo\u0161kolka i studentica jo\u0161 radile diskoteke u Gerovu, Tr\u0161\u0107u i Prezidu. Sada je sve zatvoreno, ostalo je nekoliko kafi\u0107a i to je sve. U cijelom kraju samo je jedan restoran i to u Ple\u0161cima, hoteli su zatvoreni. Diskoteka u Gerovu, primjerice, pretvorena je u Dom kulture koji je u nadle\u017enosti Grada, a otvara se jedino u vrijeme maskenbala.&#8221;<\/p>\n\n\n\n<p>&#8220;\u017dao mi je \u0161to stariji nemaju mjesta za zabavna dru\u017eenja, ali i mladih koji se nemaju gdje izluditi kao mi nekada. \u010cujem da izlaze u Delnice, a voziti no\u0107u i preko 40 kilometara po ovim na\u0161im zavojima, ba\u0161 i nije zgodno&#8221;, napominje Kristina.<\/p>\n\n\n\n<p>Njoj, koja iz gradske vreve dolazi na vikende, mir i ti\u0161ina svakako samo gode. &#8220;Najdra\u017ee mi je \u0161etati \u0161umom sa suprugom i psima, to nas puni energijom za cijeli tjedan. Stvarno imamo planinski raj i vjerujem da jo\u0161 postoji malo nade da \u0107emo ga uspjeti odr\u017eati, da \u0107e vlast uspjeti o\u017eivjeti gospodarstvo i dovesti investicije kako bi se otvorila radna mjesta, koja bi onda zadr\u017eala mlade&#8221;, rekla je za kraj na\u0161a optimisti\u010dna sugovornica Kristina Tomac.<\/p>\n\n\n\n<p class=\"has-text-align-center has-text-color\" style=\"color:#666666;font-size:0.8rem\">Ovaj prilog je objavljen u sklopu projekta poticanja novinarske izvrsnosti Agencije za elektroni\u010dke medije.<\/p>\n<div id=\"mojev-103656345\" class=\"mojev-kraj-teksta mojev-entity-placement\" style=\"margin-bottom: 20px;margin-left: auto;margin-right: auto;text-align: center;\"><div class=\"mojev-adlabel\">oglas<\/div><div style=\"height: 250px;\"><script async src=\"https:\/\/pagead2.googlesyndication.com\/pagead\/js\/adsbygoogle.js?client=ca-pub-8106111766207173\"\r\n     crossorigin=\"anonymous\"><\/script>\r\n<!-- Display-1 -->\r\n<ins class=\"adsbygoogle\"\r\n     style=\"display:block\"\r\n     data-ad-client=\"ca-pub-8106111766207173\"\r\n     data-ad-slot=\"1465712950\"\r\n     data-ad-format=\"auto\"\r\n     data-full-width-responsive=\"true\"><\/ins>\r\n<script>\r\n     (adsbygoogle = window.adsbygoogle || []).push({});\r\n<\/script><\/div><\/div>","protected":false},"excerpt":{"rendered":"<p>Kristina Tomac 34-godi\u0161nja je diplomirana in\u017eenjerka gra\u0111evinarstva koja je odrasla u Gorskom kotaru, ba\u0161 kao i njezin suprug Robert s kojim obiteljski \u017eivot i karijeru gradi u Rijeci. Iz njihovog \u010dabarskog kraja odselila je i ve\u0107ina njihovih \u0161kolskih prijatelja, mahom iz istog razloga \u2013 u potrazi za boljim radnim mjestima. Pokazuje nam to koliko nam sela rapidno stare, a kakve to probleme sa sobom nosi, doznajemo upravo kroz razgovor s Kristinom.<\/p>\n","protected":false},"author":15,"featured_media":92526,"comment_status":"closed","ping_status":"closed","sticky":false,"template":"","format":"standard","meta":{"footnotes":""},"categories":[2],"tags":[205,3104,1134],"class_list":["post-92268","post","type-post","status-publish","format-standard","has-post-thumbnail","hentry","category-mozaik","tag-demografija","tag-gorski-kotar","tag-iseljavanje"],"_links":{"self":[{"href":"https:\/\/www.mojevrijeme.hr\/magazin\/wp-json\/wp\/v2\/posts\/92268","targetHints":{"allow":["GET"]}}],"collection":[{"href":"https:\/\/www.mojevrijeme.hr\/magazin\/wp-json\/wp\/v2\/posts"}],"about":[{"href":"https:\/\/www.mojevrijeme.hr\/magazin\/wp-json\/wp\/v2\/types\/post"}],"author":[{"embeddable":true,"href":"https:\/\/www.mojevrijeme.hr\/magazin\/wp-json\/wp\/v2\/users\/15"}],"replies":[{"embeddable":true,"href":"https:\/\/www.mojevrijeme.hr\/magazin\/wp-json\/wp\/v2\/comments?post=92268"}],"version-history":[{"count":0,"href":"https:\/\/www.mojevrijeme.hr\/magazin\/wp-json\/wp\/v2\/posts\/92268\/revisions"}],"wp:featuredmedia":[{"embeddable":true,"href":"https:\/\/www.mojevrijeme.hr\/magazin\/wp-json\/wp\/v2\/media\/92526"}],"wp:attachment":[{"href":"https:\/\/www.mojevrijeme.hr\/magazin\/wp-json\/wp\/v2\/media?parent=92268"}],"wp:term":[{"taxonomy":"category","embeddable":true,"href":"https:\/\/www.mojevrijeme.hr\/magazin\/wp-json\/wp\/v2\/categories?post=92268"},{"taxonomy":"post_tag","embeddable":true,"href":"https:\/\/www.mojevrijeme.hr\/magazin\/wp-json\/wp\/v2\/tags?post=92268"}],"curies":[{"name":"wp","href":"https:\/\/api.w.org\/{rel}","templated":true}]}}