{"id":92489,"date":"2023-11-29T18:04:04","date_gmt":"2023-11-29T17:04:04","guid":{"rendered":"https:\/\/www.mojevrijeme.hr\/magazin\/?p=92489"},"modified":"2023-11-29T18:05:21","modified_gmt":"2023-11-29T17:05:21","slug":"13-mirovina-prema-radnom-stazu-a-ne-visini-mirovine","status":"publish","type":"post","link":"https:\/\/www.mojevrijeme.hr\/magazin\/2023\/11\/13-mirovina-prema-radnom-stazu-a-ne-visini-mirovine\/","title":{"rendered":"&#8217;13. mirovina prema radnom sta\u017eu, a ne visini mirovine&#8217;"},"content":{"rendered":"\n<p>Odr\u017eana je sjednica Nacionalnog vije\u0107a za umirovljenike i starije osobe, a na stolu su bili zahtjevi Sindikata i Matice umirovljenika Hrvatske o 85-postotnom uskla\u0111ivanju mirovina i uvo\u0111enju trajnog dodatka na mirovine prema mirovinskom sta\u017eu.<\/p>\n\n\n\n<p>Ministar rada <strong>Marin Pileti\u0107<\/strong> je izvijestio da je godi\u0161nja cijena ovih zahtjeva 1,8 milijardi eura, \u0161to je dr\u017eavi trenutno nepriu\u0161tivo. Zato su, ka\u017ee ministar, Vladi RH putili nekoliko zaklju\u010daka. Izme\u0111u ostalog, da se kod sljede\u0107e izmjene Zakona o mirovinskom osiguranju izmjeni odredba uskla\u0111ivanja mirovina sa sada\u0161njih 70-30 u korist povoljnijeg indeksa rasta inflacije ili pla\u0107a na 85-15, u odnosu na zahtjev umirovljeni\u010dkih udruga koji je bio 100 posto.<\/p>\n\n\n\n<p>Pileti\u0107 je kazao da je 13. mirovina godi\u0161nji dodatak koji bi zamijenio dosada\u0161nje jednokratne dodatke koje je Vlada ispla\u0107ivala. Vladi se predla\u017ee uvo\u0111enje trajnog dodatka na mirovine koji bi bio vezan uz godine mirovinskog sta\u017ea, a ne uz visinu mirovine pojedinog umirovljenika. Na taj na\u010din \u0107e se promovirati du\u017ei ostanak u svijetu rada.<\/p><div id=\"mojev-459584894\" class=\"mojev-u-tekstu mojev-entity-placement\" style=\"margin-left: auto;margin-right: auto;text-align: center;\"><div class=\"mojev-adlabel\">oglas<\/div><div style=\"height: 250px;\"><script async src=\"https:\/\/pagead2.googlesyndication.com\/pagead\/js\/adsbygoogle.js?client=ca-pub-8106111766207173\"\r\n     crossorigin=\"anonymous\"><\/script>\r\n<!-- Prikazni 1 u tekstu -->\r\n<ins class=\"adsbygoogle\"\r\n     style=\"display:block\"\r\n     data-ad-client=\"ca-pub-8106111766207173\"\r\n     data-ad-slot=\"8535551207\"\r\n     data-ad-format=\"auto\"\r\n     data-full-width-responsive=\"true\"><\/ins>\r\n<script>\r\n     (adsbygoogle = window.adsbygoogle || []).push({});\r\n<\/script><\/div><\/div><br style=\"clear: both; display: block; float: none;\"\/>\n\n\n\n<h3 class=\"wp-block-heading\">Maj\u010dinski dodatak svim majkama<\/h3>\n\n\n\n<p>Razmotrit \u0107e se i mogu\u0107nost priznavanja \u0161est mjeseci sta\u017ea za svako dijete i onima koji su ostvarili mirovinu prije 1. sije\u010dnja 2019.<\/p>\n\n\n\n<p>Pileti\u0107 je naveo kako su tema razgovora bili i statisti\u010dki pokazatelji oko udjela mirovine u pla\u0107i te je postignut na\u010delni dogovor da sveukupna prosje\u010dna mirovina u Hrvatskoj bez me\u0111unarodnih ugovora iznosi 547 eura, odnosno 47,5 posto prosje\u010dne pla\u0107e.<\/p>\n\n\n\n<h3 class=\"wp-block-heading\">13. mirovina najvjerojatnije prije izbora<\/h3>\n\n\n\n<p>Predsjednica Sindikata umirovljenika Hrvatske <strong>Jasna A. Petrovi\u0107<\/strong> zadovoljna je <strong>nekim <\/strong>predlo\u017eenim rje\u0161enjima, ali upozorava da u Sindikatu i Matici <strong>nisu zadovoljni brzinom<\/strong> kojom se rje\u0161avaju problemi umirovljenika. Zato, zajedno tra\u017ee da se <strong>dogovoreno ostvari prije izbora<\/strong> te izrazila nadu da ne\u0107e biti potrebe za prosvjedom ako se postigne adekvatan dogovor oko rokova.<\/p>\n\n\n\n<p>\u010cini se kako je predsjednica Matice umirovljenika Hrvatske <strong>Vi\u0161nja Fortuna<\/strong> zadovoljnija postignutim. Ka\u017ee, idu korak po korak te da moraju biti strpljivi zbog izmjena zakona. Posebno je zadovoljna \u0161to prijedlozi idu izravno na Vladu.<\/p>\n<div id=\"mojev-4182329068\" class=\"mojev-kraj-teksta mojev-entity-placement\" style=\"margin-bottom: 20px;margin-left: auto;margin-right: auto;text-align: center;\"><div class=\"mojev-adlabel\">oglas<\/div><div style=\"height: 250px;\"><script async src=\"https:\/\/pagead2.googlesyndication.com\/pagead\/js\/adsbygoogle.js?client=ca-pub-8106111766207173\"\r\n     crossorigin=\"anonymous\"><\/script>\r\n<!-- Display-1 -->\r\n<ins class=\"adsbygoogle\"\r\n     style=\"display:block\"\r\n     data-ad-client=\"ca-pub-8106111766207173\"\r\n     data-ad-slot=\"1465712950\"\r\n     data-ad-format=\"auto\"\r\n     data-full-width-responsive=\"true\"><\/ins>\r\n<script>\r\n     (adsbygoogle = window.adsbygoogle || []).push({});\r\n<\/script><\/div><\/div>","protected":false},"excerpt":{"rendered":"<p>Na sjednici Nacionalnog vije\u0107a za umirovljenike i starije osobe razmatrani su zahtjevi Sindikata i Matice umirovljenika. Vladi su upu\u0107eni zahtjevi koji uklju\u010duju 13. mirovinu kao trajni dodatak vezan uz sta\u017e, maj\u010dinski dodatak za majke umirovljene prije 2019. godine te na\u010delni dogovor o udjelu mirovina u pla\u0107i. <\/p>\n","protected":false},"author":1,"featured_media":83843,"comment_status":"closed","ping_status":"closed","sticky":false,"template":"","format":"standard","meta":{"footnotes":""},"categories":[9],"tags":[3398,684,3231,167],"class_list":["post-92489","post","type-post","status-publish","format-standard","has-post-thumbnail","hentry","category-vijesti","tag-13-mirovina","tag-jasna-petrovic","tag-marin-piletic","tag-sindikat-umirovljenika"],"_links":{"self":[{"href":"https:\/\/www.mojevrijeme.hr\/magazin\/wp-json\/wp\/v2\/posts\/92489","targetHints":{"allow":["GET"]}}],"collection":[{"href":"https:\/\/www.mojevrijeme.hr\/magazin\/wp-json\/wp\/v2\/posts"}],"about":[{"href":"https:\/\/www.mojevrijeme.hr\/magazin\/wp-json\/wp\/v2\/types\/post"}],"author":[{"embeddable":true,"href":"https:\/\/www.mojevrijeme.hr\/magazin\/wp-json\/wp\/v2\/users\/1"}],"replies":[{"embeddable":true,"href":"https:\/\/www.mojevrijeme.hr\/magazin\/wp-json\/wp\/v2\/comments?post=92489"}],"version-history":[{"count":0,"href":"https:\/\/www.mojevrijeme.hr\/magazin\/wp-json\/wp\/v2\/posts\/92489\/revisions"}],"wp:featuredmedia":[{"embeddable":true,"href":"https:\/\/www.mojevrijeme.hr\/magazin\/wp-json\/wp\/v2\/media\/83843"}],"wp:attachment":[{"href":"https:\/\/www.mojevrijeme.hr\/magazin\/wp-json\/wp\/v2\/media?parent=92489"}],"wp:term":[{"taxonomy":"category","embeddable":true,"href":"https:\/\/www.mojevrijeme.hr\/magazin\/wp-json\/wp\/v2\/categories?post=92489"},{"taxonomy":"post_tag","embeddable":true,"href":"https:\/\/www.mojevrijeme.hr\/magazin\/wp-json\/wp\/v2\/tags?post=92489"}],"curies":[{"name":"wp","href":"https:\/\/api.w.org\/{rel}","templated":true}]}}