{"id":92503,"date":"2023-11-29T21:35:17","date_gmt":"2023-11-29T20:35:17","guid":{"rendered":"https:\/\/www.mojevrijeme.hr\/magazin\/?p=92503"},"modified":"2023-11-30T14:20:32","modified_gmt":"2023-11-30T13:20:32","slug":"doznali-smo-okvirni-iznos-13-mirovine-hoce-li-sjesti-do-kraja-godine","status":"publish","type":"post","link":"https:\/\/www.mojevrijeme.hr\/magazin\/2023\/11\/doznali-smo-okvirni-iznos-13-mirovine-hoce-li-sjesti-do-kraja-godine\/","title":{"rendered":"Doznali smo po\u010detni iznos 13. mirovine, ho\u0107e li sjesti do kraja godine?"},"content":{"rendered":"\n<p>Na dana\u0161njoj sjednici Nacionalnog vije\u0107a za umirovljenike i starije osobe u\u010dinjeni su pomaci u smjeru ispunjenja zahtjeva najve\u0107ih umirovljeni\u010dkih udruga \u2013 Sindikata i Matice umirovljenika Hrvatske. <\/p>\n\n\n\n<p>Naime, oblikovani su zahtjevi prema Vladi RH, a me\u0111u njima su 13. mirovina, <a href=\"https:\/\/www.mojevrijeme.hr\/magazin\/2023\/11\/13-mirovina-prema-radnom-stazu-a-ne-visini-mirovine\/\" data-type=\"post\" data-id=\"92489\">povoljniji model uskla\u0111ivanja mirovina<\/a> i maj\u010dinski dodatak za majke umirovljene prije 2019. godine. U razgovoru s predsjednicom Sindikata umirovljenika Hrvatske (SUH), <strong>Jasnom A. Petrovi\u0107<\/strong>, doznali smo da je zahtjev za 13. mirovinom preciziran kao umno\u017eak godina sta\u017ea i definirane vrijednosti godine u eurima.<\/p>\n\n\n\n<p>Taj dodatak mirovini, koji se u razli\u010ditim dr\u017eavama zove razli\u010dito (bo\u017ei\u0107nica, regresnica&#8230;), ulazi u mirovinu za razliku od socijalnih dodataka koji su umirovljenicima ispla\u0107ivani kao inflacijski ili energetski dodaci. &#8220;Ludila sa socijalom je dosta, dosada\u0161nji dodaci su poni\u0161tavali trud i rad srednje klase&#8221;, ka\u017ee Petrovi\u0107. <\/p><div id=\"mojev-969448419\" class=\"mojev-u-tekstu mojev-entity-placement\" style=\"margin-left: auto;margin-right: auto;text-align: center;\"><div class=\"mojev-adlabel\">oglas<\/div><div style=\"height: 250px;\"><script async src=\"https:\/\/pagead2.googlesyndication.com\/pagead\/js\/adsbygoogle.js?client=ca-pub-8106111766207173\"\r\n     crossorigin=\"anonymous\"><\/script>\r\n<!-- Prikazni 1 u tekstu -->\r\n<ins class=\"adsbygoogle\"\r\n     style=\"display:block\"\r\n     data-ad-client=\"ca-pub-8106111766207173\"\r\n     data-ad-slot=\"8535551207\"\r\n     data-ad-format=\"auto\"\r\n     data-full-width-responsive=\"true\"><\/ins>\r\n<script>\r\n     (adsbygoogle = window.adsbygoogle || []).push({});\r\n<\/script><\/div><\/div><br style=\"clear: both; display: block; float: none;\"\/>\n\n\n\n<p>Iako je Sindikat inzistirao da po\u010detna vrijednost godine sta\u017ea bude najmanje 10 eura, po svoj \u0107e se prilici u prvoj godini krenuti s upola manje. &#8220;Ne znamo ho\u0107e li to biti pet ili \u010detiri eura, a druge godine bi to trebalo biti vi\u0161e. Recimo, netko ima 30 godina sta\u017ea i to se pomno\u017ei s pet eura. To zna\u010di da bi trebao u prvoj godini dobiti 150 eura, a svake idu\u0107e godine iznos bi trebao rasti.\u201c<\/p>\n\n\n\n<figure class=\"wp-block-image size-large\"><img loading=\"lazy\" decoding=\"async\" width=\"740\" height=\"444\" src=\"https:\/\/www.mojevrijeme.hr\/magazin\/wp-content\/uploads\/2023\/11\/nac-vijece-740x444.jpg\" alt=\"\" class=\"wp-image-92509\" srcset=\"https:\/\/www.mojevrijeme.hr\/magazin\/wp-content\/uploads\/2023\/11\/nac-vijece-740x444.jpg 740w, https:\/\/www.mojevrijeme.hr\/magazin\/wp-content\/uploads\/2023\/11\/nac-vijece-636x382.jpg 636w, https:\/\/www.mojevrijeme.hr\/magazin\/wp-content\/uploads\/2023\/11\/nac-vijece-768x461.jpg 768w, https:\/\/www.mojevrijeme.hr\/magazin\/wp-content\/uploads\/2023\/11\/nac-vijece-1536x922.jpg 1536w, https:\/\/www.mojevrijeme.hr\/magazin\/wp-content\/uploads\/2023\/11\/nac-vijece-1500x900.jpg 1500w, https:\/\/www.mojevrijeme.hr\/magazin\/wp-content\/uploads\/2023\/11\/nac-vijece-1600x960.jpg 1600w, https:\/\/www.mojevrijeme.hr\/magazin\/wp-content\/uploads\/2023\/11\/nac-vijece-590x354.jpg 590w, https:\/\/www.mojevrijeme.hr\/magazin\/wp-content\/uploads\/2023\/11\/nac-vijece-400x240.jpg 400w, https:\/\/www.mojevrijeme.hr\/magazin\/wp-content\/uploads\/2023\/11\/nac-vijece.jpg 2000w\" sizes=\"auto, (max-width: 740px) 100vw, 740px\" \/><figcaption class=\"wp-element-caption\">Jasna A. Petrovi\u0107, Marin Pileti\u0107 i Vi\u0161nja Fortuna nakon sjednice Vije\u0107a (foto: SUH)<\/figcaption><\/figure>\n\n\n\n<p>Petrovi\u0107 napominje da je po\u010detni iznos od pet eura po godini sta\u017ea premalen. &#8220;Da, svi\u0111a nam se taj model, ali smatramo da bi <strong>10 eura bilo minimum<\/strong> koji bi nas zadovoljio. No te\u0161ko je da \u0107e to pro\u0107i.&#8221;<\/p>\n\n\n\n<h3 class=\"wp-block-heading\">Zakon, a ne uredbe<\/h3>\n\n\n\n<p>Podsjetimo, ministar je rekao da nema prora\u010dunskih uvjeta za isplatu 13. mirovine do kraja godine, budu\u0107i da bi za navedene zahtjeve trebalo osigurati 1,8 milijardi eura, no Petrovi\u0107 upozorava da to nije to\u010dno. &#8220;Rije\u010d je o birokratskoj podvali. Ra\u010dunali su kao da bi 13. mirovina trebala iznositi puni iznos redovne mirovine, ali rijetko koja zemlja je na taj na\u010din krenula. Namjerno su ra\u010dunali puni iznos.&#8221;<\/p>\n\n\n\n<p>U svemu joj je, ka\u017ee predsjednica SUH-a, izuzetno va\u017eno pitanje rokova. Zbog toga su predstavnici umirovljenika inzistirali na pokretanju zakonodavnih procedura kako ovi zahtjevi i njihova realizacija ne bi ovisili o izbornom rezultatu. &#8220;Oko toga je bilo napeto, no ministar je kazao da \u0107e se zalo\u017eiti na sutra\u0161njoj sjednici Vlade.&#8221;<\/p>\n\n\n\n<p>Ipak, iako su mnogi o\u010dekivali da \u0107e 13. mirovina sjesti ve\u0107 ove godine prije Bo\u017ei\u0107a, Petrovi\u0107 nije tako optimisti\u010dna. Naime, izmjena zakona traje, a sve drugo ne bi imalo jamstvo trajnosti i zagarantiranog prava. &#8220;Ove godine? Ne o\u010dekujem to. Nismo \u017eeljeli da se uredbom rije\u0161i jo\u0161 jedan socijalni dodatak. Tra\u017eimo normalnu zakonodavnu proceduru i ugradnju na\u0161ih zahtjeva u zakon. To nam daje<strong> jamstvo odr\u017eivosti<\/strong>&#8220;, ka\u017ee.<\/p>\n\n\n\n<h3 class=\"wp-block-heading\">A \u0161to je s depenalizacijom?<\/h3>\n\n\n\n<p>Dodaje da je ministar Pileti\u0107 nastupao u ime Vlade i u njeno ime nije \u017eelio prihvatiti \u010detvrti zahtjev. Rije\u010d je o ubla\u017eavanju penalizacije koju tra\u017ei puno umirovljenika jer se smatra jednom od najve\u0107ih nepravdi nanesenih umirovljenicima koji su prije vremena potjerani u mirovinu. &#8220;Tra\u017eila sam da se taj zahtjev tako\u0111er sutra (\u010detvrtak, 30. studenog) predo\u010di Vladi, ali u ime Sindikata i Matice&#8221;, kazala nam je Jasna A. Petrovi\u0107.<\/p>\n\n\n\n<p>Nacionalno vije\u0107e za umirovljenike i starije osobe od 2010. djeluje kao savjetodavno i stru\u010dno Vladino tijelo. Funkcionira po bipartitnom modelu na na\u010din da su \u010dlanovi Vije\u0107a predstavnici Vlade&nbsp;RH i predstavnici najve\u0107ih umirovljeni\u010dkih&nbsp;udruga; Sindikata umirovljenika Hrvatske i Matice umirovljenika Hrvatske.<\/p>\n<div id=\"mojev-668490763\" class=\"mojev-kraj-teksta mojev-entity-placement\" style=\"margin-bottom: 20px;margin-left: auto;margin-right: auto;text-align: center;\"><div class=\"mojev-adlabel\">oglas<\/div><div style=\"height: 250px;\"><script async src=\"https:\/\/pagead2.googlesyndication.com\/pagead\/js\/adsbygoogle.js?client=ca-pub-8106111766207173\"\r\n     crossorigin=\"anonymous\"><\/script>\r\n<!-- Display-1 -->\r\n<ins class=\"adsbygoogle\"\r\n     style=\"display:block\"\r\n     data-ad-client=\"ca-pub-8106111766207173\"\r\n     data-ad-slot=\"1465712950\"\r\n     data-ad-format=\"auto\"\r\n     data-full-width-responsive=\"true\"><\/ins>\r\n<script>\r\n     (adsbygoogle = window.adsbygoogle || []).push({});\r\n<\/script><\/div><\/div>","protected":false},"excerpt":{"rendered":"<p>Klju\u010dni su zahtjevi obuhvatili 13. mirovinu, povoljniji model uskla\u0111ivanja mirovina te maj\u010dinski dodatak za majke umirovljene prije 2019. godine. Model 13. mirovine zami\u0161ljen je kao umno\u017eak godina sta\u017ea i definirane vrijednosti godine u eurima.<\/p>\n","protected":false},"author":1,"featured_media":87451,"comment_status":"closed","ping_status":"closed","sticky":false,"template":"","format":"standard","meta":{"footnotes":""},"categories":[9],"tags":[3398,684,3231,1623,167],"class_list":["post-92503","post","type-post","status-publish","format-standard","has-post-thumbnail","hentry","category-vijesti","tag-13-mirovina","tag-jasna-petrovic","tag-marin-piletic","tag-nacionalno-vijece","tag-sindikat-umirovljenika"],"_links":{"self":[{"href":"https:\/\/www.mojevrijeme.hr\/magazin\/wp-json\/wp\/v2\/posts\/92503","targetHints":{"allow":["GET"]}}],"collection":[{"href":"https:\/\/www.mojevrijeme.hr\/magazin\/wp-json\/wp\/v2\/posts"}],"about":[{"href":"https:\/\/www.mojevrijeme.hr\/magazin\/wp-json\/wp\/v2\/types\/post"}],"author":[{"embeddable":true,"href":"https:\/\/www.mojevrijeme.hr\/magazin\/wp-json\/wp\/v2\/users\/1"}],"replies":[{"embeddable":true,"href":"https:\/\/www.mojevrijeme.hr\/magazin\/wp-json\/wp\/v2\/comments?post=92503"}],"version-history":[{"count":0,"href":"https:\/\/www.mojevrijeme.hr\/magazin\/wp-json\/wp\/v2\/posts\/92503\/revisions"}],"wp:featuredmedia":[{"embeddable":true,"href":"https:\/\/www.mojevrijeme.hr\/magazin\/wp-json\/wp\/v2\/media\/87451"}],"wp:attachment":[{"href":"https:\/\/www.mojevrijeme.hr\/magazin\/wp-json\/wp\/v2\/media?parent=92503"}],"wp:term":[{"taxonomy":"category","embeddable":true,"href":"https:\/\/www.mojevrijeme.hr\/magazin\/wp-json\/wp\/v2\/categories?post=92503"},{"taxonomy":"post_tag","embeddable":true,"href":"https:\/\/www.mojevrijeme.hr\/magazin\/wp-json\/wp\/v2\/tags?post=92503"}],"curies":[{"name":"wp","href":"https:\/\/api.w.org\/{rel}","templated":true}]}}