{"id":92594,"date":"2023-11-30T15:02:49","date_gmt":"2023-11-30T14:02:49","guid":{"rendered":"https:\/\/www.mojevrijeme.hr\/magazin\/?p=92594"},"modified":"2023-11-30T15:05:54","modified_gmt":"2023-11-30T14:05:54","slug":"spika-najavio-novi-izracun-mirovina-trazit-cemo-na-referendumom","status":"publish","type":"post","link":"https:\/\/www.mojevrijeme.hr\/magazin\/2023\/11\/spika-najavio-novi-izracun-mirovina-trazit-cemo-na-referendumom\/","title":{"rendered":"\u0160pika najavio: Novi izra\u010dun mirovina tra\u017eit \u0107emo na referendumu"},"content":{"rendered":"\n<p>Koalicija umirovljeni\u010dkih stranaka Umirovljenici zajedno nezadovoljna je ju\u010dera\u0161njim umirovljeni\u010dkim zahtjevima koji su s Nacionalnog vije\u0107a za umirovljenike i starije osobe danas dospjeli pred Vladu RH. Podsjetimo, po prvi je put definiran obris 13. mirovine koja bi skoro trebala do\u017eivjeti i saborsku proceduru. Uz to, <a href=\"https:\/\/www.mojevrijeme.hr\/magazin\/2023\/11\/doznali-smo-okvirni-iznos-13-mirovine-hoce-li-sjesti-do-kraja-godine\/\" data-type=\"post\" data-id=\"92503\">doznali smo<\/a> i koliko bi ta 13. mirovina trebala iznositi te kada bi trebala biti ispla\u0107ena.<\/p>\n\n\n\n<p>&#8220;Bli\u017ei se izborna godina i svaki puta kad se to doga\u0111a, bli\u017ei se neki igrokaz. Sljede\u0107a godina je superizborna tako da slijedi superigrokaz. Umirovljenicima prakti\u010dki nije obe\u0107ano ni\u0161ta jer obe\u0107ati ne\u0161to \u0161to \u0107e napraviti neka sljede\u0107a Vlada je neozbiljno i ne vodi nikakvom rje\u0161enju&#8221;, smatra <strong>Milivoj \u0160pika<\/strong>, jedan od koordinatora Platforme Umirovljenici zajedno.<\/p>\n\n\n\n<p>&#8220;Sve je u redu ako se pove\u0107ava mirovina, ali uzmimo u obzir da je Vlada tijekom ovog mandata obe\u0107ala da \u0107e pove\u0107ati mirovinu na 50-60 posto prosje\u010dne pla\u0107e. Umjesto da se bavimo time, oni se zabavljaju pri\u010dama o uskrsnici, bo\u017ei\u0107nici, 13. mirovini i sli\u010dnim glupostima&#8221;, kazao je \u0160pika za <a href=\"https:\/\/dnevnik.hr\/vijesti\/hrvatska\/milivoj-spika-o-novoj-mjeri-vlade-za-umirovljenike---815155.html\" target=\"_blank\" rel=\"noreferrer noopener\">Novu TV<\/a>.<\/p><div id=\"mojev-3410068347\" class=\"mojev-u-tekstu mojev-entity-placement\" style=\"margin-left: auto;margin-right: auto;text-align: center;\"><div class=\"mojev-adlabel\">oglas<\/div><div style=\"height: 250px;\"><script async src=\"https:\/\/pagead2.googlesyndication.com\/pagead\/js\/adsbygoogle.js?client=ca-pub-8106111766207173\"\r\n     crossorigin=\"anonymous\"><\/script>\r\n<!-- Prikazni 1 u tekstu -->\r\n<ins class=\"adsbygoogle\"\r\n     style=\"display:block\"\r\n     data-ad-client=\"ca-pub-8106111766207173\"\r\n     data-ad-slot=\"8535551207\"\r\n     data-ad-format=\"auto\"\r\n     data-full-width-responsive=\"true\"><\/ins>\r\n<script>\r\n     (adsbygoogle = window.adsbygoogle || []).push({});\r\n<\/script><\/div><\/div><br style=\"clear: both; display: block; float: none;\"\/>\n\n\n\n<p>Problem je, istaknuo je, \u0161to ljudi koji su oti\u0161li u mirovinu prije 15-20 godina, imaju puno manja primanja, nego ljudi koji to u\u010dine danas. &#8220;Ti umirovljenici su o\u0161te\u0107eni za 250-300 eura i to se mo\u017ee rije\u0161iti samo na jedan na\u010din: novim izra\u010dunom kakav je predlo\u017eila na\u0161a platforma&#8221;, rekao je.<\/p>\n\n\n\n<p>&#8220;Otprilike smo izra\u010dunali da bi na\u0161 prijedlog ko\u0161tao oko 1,5 milijardi eure, a Vlada je ove godine pove\u0107ala izdatke za mirovinu za 1,1 milijardi eura. Tako da 400 milijuna eura ne\u0107e sigurno biti te\u0161ko na\u0107i, posebno jer se prora\u010dun puni rekordno, kao nikada prije&#8221;, pojasnio je.<\/p>\n\n\n\n<p>Ako Vlada ne prihvati njihov prijedlog, umirovljenici su spremni organizirati referendum. &#8220;Kad oni najave izbore, mi idemo u prikupljanje potpisa za referendum. Tra\u017eit \u0107emo da se izra\u010dun radi na bazi 55-80 posto prosje\u010dne pla\u0107e, da aktualne vrijednosti mirovine budu 20 eura po godini radnog sta\u017ea i da se nakon 65. godine ukine penalizacija&#8221;, zaklju\u010dio je.<\/p>\n<div id=\"mojev-2366602840\" class=\"mojev-kraj-teksta mojev-entity-placement\" style=\"margin-bottom: 20px;margin-left: auto;margin-right: auto;text-align: center;\"><div class=\"mojev-adlabel\">oglas<\/div><div style=\"height: 250px;\"><script async src=\"https:\/\/pagead2.googlesyndication.com\/pagead\/js\/adsbygoogle.js?client=ca-pub-8106111766207173\"\r\n     crossorigin=\"anonymous\"><\/script>\r\n<!-- Display-1 -->\r\n<ins class=\"adsbygoogle\"\r\n     style=\"display:block\"\r\n     data-ad-client=\"ca-pub-8106111766207173\"\r\n     data-ad-slot=\"1465712950\"\r\n     data-ad-format=\"auto\"\r\n     data-full-width-responsive=\"true\"><\/ins>\r\n<script>\r\n     (adsbygoogle = window.adsbygoogle || []).push({});\r\n<\/script><\/div><\/div>","protected":false},"excerpt":{"rendered":"<p>Referendumom \u0107e zatra\u017eiti da aktualne vrijednosti mirovine budu 20 eura po godini radnog sta\u017ea i da se nakon 65. godine ukine penalizacija.<\/p>\n","protected":false},"author":1,"featured_media":85562,"comment_status":"closed","ping_status":"closed","sticky":false,"template":"","format":"standard","meta":{"footnotes":""},"categories":[9],"tags":[854,1116,166,3306],"class_list":["post-92594","post","type-post","status-publish","format-standard","has-post-thumbnail","hentry","category-vijesti","tag-milivoj-spika","tag-mirovinska-reforma","tag-referendum","tag-umirovljenici-zajedno"],"_links":{"self":[{"href":"https:\/\/www.mojevrijeme.hr\/magazin\/wp-json\/wp\/v2\/posts\/92594","targetHints":{"allow":["GET"]}}],"collection":[{"href":"https:\/\/www.mojevrijeme.hr\/magazin\/wp-json\/wp\/v2\/posts"}],"about":[{"href":"https:\/\/www.mojevrijeme.hr\/magazin\/wp-json\/wp\/v2\/types\/post"}],"author":[{"embeddable":true,"href":"https:\/\/www.mojevrijeme.hr\/magazin\/wp-json\/wp\/v2\/users\/1"}],"replies":[{"embeddable":true,"href":"https:\/\/www.mojevrijeme.hr\/magazin\/wp-json\/wp\/v2\/comments?post=92594"}],"version-history":[{"count":0,"href":"https:\/\/www.mojevrijeme.hr\/magazin\/wp-json\/wp\/v2\/posts\/92594\/revisions"}],"wp:featuredmedia":[{"embeddable":true,"href":"https:\/\/www.mojevrijeme.hr\/magazin\/wp-json\/wp\/v2\/media\/85562"}],"wp:attachment":[{"href":"https:\/\/www.mojevrijeme.hr\/magazin\/wp-json\/wp\/v2\/media?parent=92594"}],"wp:term":[{"taxonomy":"category","embeddable":true,"href":"https:\/\/www.mojevrijeme.hr\/magazin\/wp-json\/wp\/v2\/categories?post=92594"},{"taxonomy":"post_tag","embeddable":true,"href":"https:\/\/www.mojevrijeme.hr\/magazin\/wp-json\/wp\/v2\/tags?post=92594"}],"curies":[{"name":"wp","href":"https:\/\/api.w.org\/{rel}","templated":true}]}}