{"id":92607,"date":"2023-11-30T19:29:43","date_gmt":"2023-11-30T18:29:43","guid":{"rendered":"https:\/\/www.mojevrijeme.hr\/magazin\/?p=92607"},"modified":"2023-11-30T19:36:05","modified_gmt":"2023-11-30T18:36:05","slug":"mijo-moja-djevojka-zeli-dijete-branka-me-nije-zasluzila-plakao-sam","status":"publish","type":"post","link":"https:\/\/www.mojevrijeme.hr\/magazin\/2023\/11\/mijo-moja-djevojka-zeli-dijete-branka-me-nije-zasluzila-plakao-sam\/","title":{"rendered":"Mijo (58): Moja djevojka \u017eeli dijete. Branka me nije zaslu\u017eila, plakao sam"},"content":{"rendered":"\n<p><strong>Mijo Bo\u0161njak<\/strong> (58)<strong>&nbsp;<\/strong>i&nbsp;<strong>Brankica Kobasi\u0107<\/strong> (59) nisu su\u0111eni jednom drugome. To je posve jasno nakon romanti\u010dnog putovanja u ruralnom zbiljokazu &#8220;Ljubav je na selu&#8221;, a koje je u turbulentnoj zavr\u0161nici pokazalo da markantni <em>biker <\/em>ima drugu. Brankica je kazala da je to saznala tako da joj se Mijina djevojka javila putem dru\u0161tvenih mre\u017ea, a Mijo tvrdi da je bio potpunoma iskren prema lijepoj njegovateljici s kojom je izmjenjivao poljupce. <\/p>\n\n\n\n<p>&#8220;Ona je znala sve prije one sva\u0111e za ru\u010dkom. Rekao sam joj da sam upoznao curu. Rekao sam joj za nju. Tijekom sva\u0111e sam se povukao jer nisam netko tko bi burno reagirao. Pretjerala je, ali i to \u0107u oprostiti. Pona\u0161ala se za ru\u010dkom kao da smo u braku. Radila je cirkus, osramotila me. Pred kamerama je druga osoba. Ja sam isti pred kamerama i iza kamera&#8221;, ispri\u010dao je Mijo za <a href=\"https:\/\/www.rtl.hr\/tv-emisije\/ljubav-je-na-selu\/mijo-zaplakao-zbog-situacije-s-brankom-stvarno-me-povrijedilo.html\" target=\"_blank\" rel=\"noreferrer noopener\">RTL<\/a>.\u00a0<\/p>\n\n\n\n<p>Ka\u017ee, svojoj djevojci Josipi nije ni\u0161ta obe\u0107avao jer je \u017eelio vidjeti kamo \u0107e ga odvesti odnos s Brankicom. &#8220;\u017delio sam poku\u0161ati s njom. No Branka me otpilila. Nudila mi je cijelo vrijeme prijateljstvo. Bilo nam je zabavno i dru\u017eili smo se, a onda me je vrije\u0111ala pred kamerama da bi se opravdala. Iza kamera se smije, a pred njima me pita ne\u0161to i ne znam \u0161to bih joj rekao&#8221;, objasnio je farmer.&nbsp;<\/p><div id=\"mojev-2660242037\" class=\"mojev-u-tekstu mojev-entity-placement\" style=\"margin-left: auto;margin-right: auto;text-align: center;\"><div class=\"mojev-adlabel\">oglas<\/div><div style=\"height: 250px;\"><script async src=\"https:\/\/pagead2.googlesyndication.com\/pagead\/js\/adsbygoogle.js?client=ca-pub-8106111766207173\"\r\n     crossorigin=\"anonymous\"><\/script>\r\n<!-- Prikazni 1 u tekstu -->\r\n<ins class=\"adsbygoogle\"\r\n     style=\"display:block\"\r\n     data-ad-client=\"ca-pub-8106111766207173\"\r\n     data-ad-slot=\"8535551207\"\r\n     data-ad-format=\"auto\"\r\n     data-full-width-responsive=\"true\"><\/ins>\r\n<script>\r\n     (adsbygoogle = window.adsbygoogle || []).push({});\r\n<\/script><\/div><\/div><br style=\"clear: both; display: block; float: none;\"\/>\n\n\n\n<h3 class=\"wp-block-heading\">&#8220;Nisam o\u010dekivao da mi ka\u017ee javno&#8221;<\/h3>\n\n\n\n<p>Priznao je da je emotivan i osjetljiv zbog svega \u0161to se dogodilo te mu je \u017eao. &#8220;Nisam plakao zbog veze s Brankom nego zbog njezinog na\u010dina pona\u0161anja. Povrijedila me, volim je kao prijateljicu. Htio sam da nam bude lijepo. Bio sam jo\u0161 dobar s obzirom na sve. Nisam to o\u010dekivao od drage osobe da mi ka\u017ee javno. Znala je jer joj je djevojka pisala i ja sam joj rekao. Nisam nikome lagao. Uvijek sam otvoren&#8221;, istaknuo je Mijo.&nbsp;<\/p>\n\n\n\n<p>Dodao je da je od muke zaplakao i da mu je bilo \u017eao \u0161to nije na putovanje poveo Kseniju jer bi se lijepo dru\u017eili, smijali i zabavili. &#8220;Branka ka\u017ee da sam ja djetinjast, a ona je. Pri\u010da o ljubavi, no znamo se prekratko da bi se rodila ljubav. Imam svoje gre\u0161ke, ali nikad ne bih povrijedio nekog. Mo\u017ee mi re\u0107i lijepo da se ne sla\u017ee s ne\u010dime. Nitko mi tako ne\u0161to nije sasuo u lice. To je Brankin grijeh. Ne znam \u0161to je htjela. Branka mi nije pru\u017eila nikakvu sigurnost. Govorila je da je djeca gledaju. Prilago\u0111avao sam joj se&#8221;, osvrnuo se jo\u0161 jednom na sva\u0111u u Ljubljani.<\/p>\n\n\n\n<figure class=\"wp-block-image size-large\"><img loading=\"lazy\" decoding=\"async\" width=\"740\" height=\"444\" src=\"https:\/\/www.mojevrijeme.hr\/magazin\/wp-content\/uploads\/2023\/11\/brankica-kobasic-740x444.jpg\" alt=\"Brankica Kobasi\u0107 (59), poznata iz 'Ljuba je na selu', dijeli intimnu pri\u010du za RTL. Ispovijeda se o gubitku supruga, svojoj ljubavi prema pomaganju, i putu od trgova\u010dke \u0161kole do posla njegovateljice. Otkriva tragi\u010dan odlazak supruga, borbu s gubitkom, i kako je prona\u0161la novi smisao \u017eivota.\" class=\"wp-image-92083\" srcset=\"https:\/\/www.mojevrijeme.hr\/magazin\/wp-content\/uploads\/2023\/11\/brankica-kobasic-740x444.jpg 740w, https:\/\/www.mojevrijeme.hr\/magazin\/wp-content\/uploads\/2023\/11\/brankica-kobasic-636x382.jpg 636w, https:\/\/www.mojevrijeme.hr\/magazin\/wp-content\/uploads\/2023\/11\/brankica-kobasic-768x461.jpg 768w, https:\/\/www.mojevrijeme.hr\/magazin\/wp-content\/uploads\/2023\/11\/brankica-kobasic-1536x922.jpg 1536w, https:\/\/www.mojevrijeme.hr\/magazin\/wp-content\/uploads\/2023\/11\/brankica-kobasic-1500x900.jpg 1500w, https:\/\/www.mojevrijeme.hr\/magazin\/wp-content\/uploads\/2023\/11\/brankica-kobasic-1600x960.jpg 1600w, https:\/\/www.mojevrijeme.hr\/magazin\/wp-content\/uploads\/2023\/11\/brankica-kobasic-590x354.jpg 590w, https:\/\/www.mojevrijeme.hr\/magazin\/wp-content\/uploads\/2023\/11\/brankica-kobasic-400x240.jpg 400w, https:\/\/www.mojevrijeme.hr\/magazin\/wp-content\/uploads\/2023\/11\/brankica-kobasic.jpg 2000w\" sizes=\"auto, (max-width: 740px) 100vw, 740px\" \/><figcaption class=\"wp-element-caption\">Brankica Kobasi\u0107: <a href=\"https:\/\/www.mojevrijeme.hr\/magazin\/2023\/11\/brankica-ne-volim-muljatore-imao-je-vezu-a-usao-je-u-show\/\" data-type=\"post\" data-id=\"92480\">Ne volim muljatore<\/a> <em>(scr: RTL)<\/em><\/figcaption><\/figure>\n\n\n\n<h3 class=\"wp-block-heading\">Rastu\u017euju ga komentari na dru\u0161tvenim mre\u017eama<\/h3>\n\n\n\n<p>Otkrio je da su njegova obitelj i prijatelji navijali za njega i Branku. &#8220;Zaustavljaju me ljudi, vole me. Ka\u017eu da sam ok&#8221;, rekao je Mijo za <a href=\"https:\/\/www.rtl.hr\/tv-emisije\/ljubav-je-na-selu\/mijo-zaplakao-zbog-situacije-s-brankom-stvarno-me-povrijedilo.html\" target=\"_blank\" rel=\"noreferrer noopener\">RTL<\/a>. Malo ga \u010dude i rastu\u017euju negativni komentari na dru\u0161tvenim mre\u017eama, no isti\u010de da su neva\u017eni jer ga ti ljudi ne poznaju.\u00a0<\/p>\n\n\n\n<p>Istaknuo je da se dosta \u0161alio pred kamerama dok su bili na imanju, no zapravo nije takav. &#8220;Puno sam nje\u017eniji, mazniji. Vidio sam kakve su igra\u010dice cure. Nisam htio ispasti slabiji.&nbsp;Intuicija mi ka\u017ee kad se treba paziti. Kod Branke sam u o\u010dima sva\u0161ta pro\u010ditao. To sam joj rekao. Nikad to ne zloupotrebljavam. Osjetim kakva je osoba.&nbsp;Ne mogu sve pokazati. Ipak je neka emocija iza\u0161la. Kad sam u ozbiljnoj vezi, odbijem druge.&nbsp;Kad nekog volim, volim samo tu osobu. Drugo je zezancija. Svi smo na svoj kalup. Ne mo\u017eemo prekrojiti ljude. \u017delim Branki sve najbolje. Mislim da se prevarila, da se potrudila malo vi\u0161e, bilo bi ne\u0161to. Ja se ne lomim za nikog. Ako se upla\u0161i i ode, nije me zaslu\u017eila&#8221;, ispri\u010dao je Mijo.&nbsp;<\/p>\n\n\n\n<p>Osvrnuo se na svoju sada\u0161nju vezu. &#8220;Josipa je dobra osoba. \u017deli biti sa mnom, imati dijete. Rekao sam joj da \u017eelim razmisliti i da i ona razmisli. S Josipom planiram ozbiljno. Svjesna je razlike u godinama. Voli me. \u017deli biti sa mnom. Prekinuo sam s njom zbog razlike u godinama. Ali kad sam vidio da ni\u0161ta ne\u0107e biti s Brankom, vratio sam joj se. Josipa je na svom mjestu. Imala je lo\u0161ih iskustava u ljubavi. Nema nikakvog interesa. Sve je dok ide ide. Kod mene je sve dogovor. Nema sva\u0111e i burnih rasprava&#8221;, objasnio je farmer.<\/p>\n<div id=\"mojev-3346992658\" class=\"mojev-kraj-teksta mojev-entity-placement\" style=\"margin-bottom: 20px;margin-left: auto;margin-right: auto;text-align: center;\"><div class=\"mojev-adlabel\">oglas<\/div><div style=\"height: 250px;\"><script async src=\"https:\/\/pagead2.googlesyndication.com\/pagead\/js\/adsbygoogle.js?client=ca-pub-8106111766207173\"\r\n     crossorigin=\"anonymous\"><\/script>\r\n<!-- Display-1 -->\r\n<ins class=\"adsbygoogle\"\r\n     style=\"display:block\"\r\n     data-ad-client=\"ca-pub-8106111766207173\"\r\n     data-ad-slot=\"1465712950\"\r\n     data-ad-format=\"auto\"\r\n     data-full-width-responsive=\"true\"><\/ins>\r\n<script>\r\n     (adsbygoogle = window.adsbygoogle || []).push({});\r\n<\/script><\/div><\/div>","protected":false},"excerpt":{"rendered":"<p>Tvrdi da je otvoreno komunicirao o mladoj djevojci, ali da je Branka pred kamerama druga osoba. Priznaje da je plakao zbog njezinog postupka. <\/p>\n","protected":false},"author":1,"featured_media":92610,"comment_status":"closed","ping_status":"closed","sticky":false,"template":"","format":"standard","meta":{"footnotes":""},"categories":[84],"tags":[3821,3054,3767,142],"class_list":["post-92607","post","type-post","status-publish","format-standard","has-post-thumbnail","hentry","category-show","tag-brankica-kobasic","tag-ljubav-je-na-selu","tag-mijo-bosnjak","tag-televizija"],"_links":{"self":[{"href":"https:\/\/www.mojevrijeme.hr\/magazin\/wp-json\/wp\/v2\/posts\/92607","targetHints":{"allow":["GET"]}}],"collection":[{"href":"https:\/\/www.mojevrijeme.hr\/magazin\/wp-json\/wp\/v2\/posts"}],"about":[{"href":"https:\/\/www.mojevrijeme.hr\/magazin\/wp-json\/wp\/v2\/types\/post"}],"author":[{"embeddable":true,"href":"https:\/\/www.mojevrijeme.hr\/magazin\/wp-json\/wp\/v2\/users\/1"}],"replies":[{"embeddable":true,"href":"https:\/\/www.mojevrijeme.hr\/magazin\/wp-json\/wp\/v2\/comments?post=92607"}],"version-history":[{"count":0,"href":"https:\/\/www.mojevrijeme.hr\/magazin\/wp-json\/wp\/v2\/posts\/92607\/revisions"}],"wp:featuredmedia":[{"embeddable":true,"href":"https:\/\/www.mojevrijeme.hr\/magazin\/wp-json\/wp\/v2\/media\/92610"}],"wp:attachment":[{"href":"https:\/\/www.mojevrijeme.hr\/magazin\/wp-json\/wp\/v2\/media?parent=92607"}],"wp:term":[{"taxonomy":"category","embeddable":true,"href":"https:\/\/www.mojevrijeme.hr\/magazin\/wp-json\/wp\/v2\/categories?post=92607"},{"taxonomy":"post_tag","embeddable":true,"href":"https:\/\/www.mojevrijeme.hr\/magazin\/wp-json\/wp\/v2\/tags?post=92607"}],"curies":[{"name":"wp","href":"https:\/\/api.w.org\/{rel}","templated":true}]}}