{"id":92717,"date":"2023-12-16T13:07:33","date_gmt":"2023-12-16T12:07:33","guid":{"rendered":"https:\/\/www.mojevrijeme.hr\/magazin\/?p=92717"},"modified":"2023-12-16T13:07:36","modified_gmt":"2023-12-16T12:07:36","slug":"dragica-bozica-maja-nemamo-za-doplatu-lijekova-pa-ih-ni-ne-uzimamo","status":"publish","type":"post","link":"https:\/\/www.mojevrijeme.hr\/magazin\/2023\/12\/dragica-bozica-maja-nemamo-za-doplatu-lijekova-pa-ih-ni-ne-uzimamo\/","title":{"rendered":"Dragica, Bo\u017eica, Maja: &#8216;Nemamo za doplatu lijekova pa ih ni ne uzimamo&#8217;"},"content":{"rendered":"\n<p>Gospo\u0111a Dragica ima 68 godina i \u017eivi u Zagrebu. Ona nam je svoju \u017eivotnu borbu opisala u pismu koje otkriva da je neima\u0161tina zatomila dostojanstvo na\u0161ih umirovljenika \u2013 nije jedina koja otkriva da se osje\u0107a kao smetnja na ovome svijetu. <\/p>\n\n\n\n<p>&#8220;Za \u017eivota sam imala kalvariju zbog spora oko stana koji sam morala isplatiti. Djeca su imala deset i \u010detiri godine kad sam ostala samohrana majka. Suprug je bolovao od PTSP-a i postao je agresivan, i to sam trpjela. Poslije je za dvoje djece davao svega 500 kuna (66 eura!), ja sam imala jo\u0161 jedino dje\u010dji doplatak.&#8221;<\/p>\n\n\n\n<p>&#8220;Sin je oti\u0161ao u podstanare, k\u0107i se udala i na\u017ealost ne cvjetaju joj ru\u017ee. Sre\u0107om sam ih barem odgojila i svojim primjerom im pokazala da moraju raditi da bi \u017eivjeli&#8221;, opisuje nam ukratko svoje \u017eivotne okolnosti gospo\u0111a Dragica.<\/p><div id=\"mojev-3233118141\" class=\"mojev-u-tekstu mojev-entity-placement\" style=\"margin-left: auto;margin-right: auto;text-align: center;\"><div class=\"mojev-adlabel\">oglas<\/div><div style=\"height: 250px;\"><script async src=\"https:\/\/pagead2.googlesyndication.com\/pagead\/js\/adsbygoogle.js?client=ca-pub-8106111766207173\"\r\n     crossorigin=\"anonymous\"><\/script>\r\n<!-- Prikazni 1 u tekstu -->\r\n<ins class=\"adsbygoogle\"\r\n     style=\"display:block\"\r\n     data-ad-client=\"ca-pub-8106111766207173\"\r\n     data-ad-slot=\"8535551207\"\r\n     data-ad-format=\"auto\"\r\n     data-full-width-responsive=\"true\"><\/ins>\r\n<script>\r\n     (adsbygoogle = window.adsbygoogle || []).push({});\r\n<\/script><\/div><\/div><br style=\"clear: both; display: block; float: none;\"\/>\n\n\n\n<h3 class=\"wp-block-heading\">Boli je uzeti od djece<\/h3>\n\n\n\n<p>Po\u017ealila se potom da se ni ona nije usre\u0107ila s mirovinom u koju je morala oti\u0107i \u010detiri godine ranije. \u201dPenzija mi iznosi 400 eura. Nepravilno se hranim, od lijekova uzimam samo one koji idu preko recepta, ne mogu dopla\u0107ivati. Imam dojam da su stari ljudi samo izdatak dr\u017eavi i da zauzimaju stambeni prostor dok su im djeca podstanari. Moja djeca su mi dobra i daju mi, ali mene srce boli \u0161to mi moraju pomagati. Ja \u017eelim svojim novcem mojim unucima ne\u0161to pru\u017eiti. Boli kad ne mo\u017eete unuku objasniti da nemate&#8221;, ukazuje nam.<\/p>\n\n\n\n<p>Prije je, pi\u0161e, bilo bolje, \u0161to god mi mislili o tome. &#8220;Bake i djedovi su mogli djeci ne\u0161to kupiti i davalo im se za kasicu prasicu. Sada smo svojim mladima samo smetnja i samo jo\u0161 jedan izdatak, kao da ih nemaju dovoljno&#8221;, napisala je gospo\u0111a Dragica.<\/p>\n\n\n\n<h3 class=\"wp-block-heading\">Bo\u017eica &#8216;Nemam za doplatu lijekova\u201d<\/h3>\n\n\n\n<p>&#8220;Evo kako \u017eivimo mi sa 280 eura mirovine. Kruh nam je luksuz kao i lijekovi koji se dopla\u0107uju, vo\u0107e i meso ne gledamo. Godi\u0161nje smo pla\u0107ali po sedam tisu\u0107a eura za doprinose, a sada smo u mirovini gladni. Kome smo pla\u0107ali i za\u0161to? Da bi povla\u0161teni imali dvije tisu\u0107e eura mirovine?! A na\u0161i \u017eivoti nisu vrijedni? Imam 57 godina. \u017divim tu\u017ena i razo\u010darana u jednom gradu na moru te svaki dan razmi\u0161ljam kako sam glupa \u0161to nisam sve stavljala na \u0161tednju. Osje\u0107am se prevareno&#8221;, krajnje je nezadovoljna je umirovljenica Bo\u017eica.<\/p>\n\n\n\n<h3 class=\"wp-block-heading\">Maja: Nemam za bolju kremu za ko\u017enu bolest<\/h3>\n\n\n\n<p>Umirovljenica Maja je u invalidskoj mirovini i za probleme s ko\u017eom trebala bi kupovati kreme koje ne idu na recept, ali se toga odri\u010de. Pi\u0161e nam da ima 220 eura mirovine. &#8220;Znam da ove kreme na recept nisu najbolje, vrlo mi slabo poma\u017eu, probala sam kupiti neke masti koje ko\u0161taju oko 10 eura, ali to isto za moj slu\u010daj nije pomoglo. Za ni\u0161ta skuplje za moju bolest nemam, a svi mi govore \u0161to je najbolje. Za to treba imati novca&#8221;, napisala nam je. <\/p>\n\n\n\n<div id=\"crveno\"><\/p>\n\n\n\n<h3 class=\"wp-block-heading\">Zanima nas va\u0161a pri\u010da<\/h3>\n\n\n\n<p>\u017delite li i vi, posve anonimno, podijeliti svoje iskustvo i vi\u0111enje ove teme s nama i na\u0161im \u010ditateljima, mo\u017eete to u\u010diniti putem web obrasca <a rel=\"noreferrer noopener\" href=\"https:\/\/www.mojevrijeme.hr\/magazin\/povjerljivo\/\" target=\"_blank\">Povjerljivo<\/a>. Napi\u0161ite svoju pri\u010du!<\/p>\n\n\n\n<p><\/div>\n<div id=\"mojev-2259206814\" class=\"mojev-kraj-teksta mojev-entity-placement\" style=\"margin-bottom: 20px;margin-left: auto;margin-right: auto;text-align: center;\"><div class=\"mojev-adlabel\">oglas<\/div><div style=\"height: 250px;\"><script async src=\"https:\/\/pagead2.googlesyndication.com\/pagead\/js\/adsbygoogle.js?client=ca-pub-8106111766207173\"\r\n     crossorigin=\"anonymous\"><\/script>\r\n<!-- Display-1 -->\r\n<ins class=\"adsbygoogle\"\r\n     style=\"display:block\"\r\n     data-ad-client=\"ca-pub-8106111766207173\"\r\n     data-ad-slot=\"1465712950\"\r\n     data-ad-format=\"auto\"\r\n     data-full-width-responsive=\"true\"><\/ins>\r\n<script>\r\n     (adsbygoogle = window.adsbygoogle || []).push({});\r\n<\/script><\/div><\/div>","protected":false},"excerpt":{"rendered":"<p>Hrvatska umirovljeni\u010dka stvarnost zaboli svaki put kad razgovaramo s na\u0161iim starijima koji svjedo\u010de da su izgubili \u010dak i nadu. Nadu u bolje sutra, ne\u0161to izvan \u017eivotarenja. Iz dana u dan mnoge samo brine ho\u0107e li imati za jesti do idu\u0107e penzije, spominju\u0107i tek kruh, mlijeko, sir, banane, kupus, kavu. Doplatu lijekova ne mogu si svi priu\u0161titi, ba\u0161 poput gospo\u0111e Dragice koja nam priznaje da ignorira lijekove koji ne idu na recept. \u00a0<\/p>\n","protected":false},"author":17,"featured_media":94022,"comment_status":"closed","ping_status":"closed","sticky":false,"template":"","format":"standard","meta":{"footnotes":""},"categories":[3552],"tags":[71,237,236,77],"class_list":["post-92717","post","type-post","status-publish","format-standard","has-post-thumbnail","hentry","category-povjerljivo","tag-lijekovi","tag-siromastvo","tag-standard","tag-umirovljenici"],"_links":{"self":[{"href":"https:\/\/www.mojevrijeme.hr\/magazin\/wp-json\/wp\/v2\/posts\/92717","targetHints":{"allow":["GET"]}}],"collection":[{"href":"https:\/\/www.mojevrijeme.hr\/magazin\/wp-json\/wp\/v2\/posts"}],"about":[{"href":"https:\/\/www.mojevrijeme.hr\/magazin\/wp-json\/wp\/v2\/types\/post"}],"author":[{"embeddable":true,"href":"https:\/\/www.mojevrijeme.hr\/magazin\/wp-json\/wp\/v2\/users\/17"}],"replies":[{"embeddable":true,"href":"https:\/\/www.mojevrijeme.hr\/magazin\/wp-json\/wp\/v2\/comments?post=92717"}],"version-history":[{"count":0,"href":"https:\/\/www.mojevrijeme.hr\/magazin\/wp-json\/wp\/v2\/posts\/92717\/revisions"}],"wp:featuredmedia":[{"embeddable":true,"href":"https:\/\/www.mojevrijeme.hr\/magazin\/wp-json\/wp\/v2\/media\/94022"}],"wp:attachment":[{"href":"https:\/\/www.mojevrijeme.hr\/magazin\/wp-json\/wp\/v2\/media?parent=92717"}],"wp:term":[{"taxonomy":"category","embeddable":true,"href":"https:\/\/www.mojevrijeme.hr\/magazin\/wp-json\/wp\/v2\/categories?post=92717"},{"taxonomy":"post_tag","embeddable":true,"href":"https:\/\/www.mojevrijeme.hr\/magazin\/wp-json\/wp\/v2\/tags?post=92717"}],"curies":[{"name":"wp","href":"https:\/\/api.w.org\/{rel}","templated":true}]}}