{"id":929,"date":"2014-09-26T15:07:37","date_gmt":"2014-09-26T13:07:37","guid":{"rendered":"http:\/\/mojevrijeme.hr\/magazin\/?p=929"},"modified":"2014-09-26T15:07:46","modified_gmt":"2014-09-26T13:07:46","slug":"zatrazi-svoj-mali-vrt-u-stenjevcu","status":"publish","type":"post","link":"https:\/\/www.mojevrijeme.hr\/magazin\/2014\/09\/zatrazi-svoj-mali-vrt-u-stenjevcu\/","title":{"rendered":"Zatra\u017ei svoj mali vrt u Stenjevcu"},"content":{"rendered":"<p><strong>Grad Zagreb<\/strong> je nastavio raspisivati pozive za besplatnu dodjelu vrtnih parcela. Ovoga puta rije\u010d je o gradskoj \u010detvrti <strong>Stenjevec<\/strong>. Ukupno je u ponudi 40 parcela povr\u0161ine do 50 kvadratnih metara. Daju se na kori\u0161tenje na vrijeme od 2 godine bez naknade, s mogu\u0107no\u0161\u0107u produljenja kori\u0161tenja pod uvjetom da se korisnici prema istima odnose pa\u017enjom dobrog gospodara.<\/p>\n<p>Pravo podno\u0161enja zahtjeva za davanje na kori\u0161tenje vrtne parcele ima osoba s prebivali\u0161tem na podru\u010dju Grada Zagreba koja nema u vlasni\u0161tvu, suvlasni\u0161tvu, zakupu ili na kori\u0161tenju drugo obradivo zemlji\u0161te. Zahtjev za davanje na kori\u0161tenje vrtne parcele mo\u017ee podnijeti samo jedan \u010dlan zajedni\u010dkog ku\u0107anstva.<\/p>\n<p>Zahtjev se podnosi na propisanom obrascu Gradskom uredu za poljoprivredu i \u0161umarstvo u roku od 15 dana od dana objave poziva. Vi\u0161e detalja potra\u017eite na <a title=\"Javni poziv\" href=\"http:\/\/www.zagreb.hr\/default.aspx?id=69378\" target=\"_blank\">slu\u017ebenim stranicama<\/a> Grada Zagreba.<\/p><div id=\"mojev-2560760391\" class=\"mojev-u-tekstu mojev-entity-placement\" style=\"margin-left: auto;margin-right: auto;text-align: center;\"><div class=\"mojev-adlabel\">oglas<\/div><div style=\"height: 250px;\"><script async src=\"https:\/\/pagead2.googlesyndication.com\/pagead\/js\/adsbygoogle.js?client=ca-pub-8106111766207173\"\r\n     crossorigin=\"anonymous\"><\/script>\r\n<!-- Prikazni 1 u tekstu -->\r\n<ins class=\"adsbygoogle\"\r\n     style=\"display:block\"\r\n     data-ad-client=\"ca-pub-8106111766207173\"\r\n     data-ad-slot=\"8535551207\"\r\n     data-ad-format=\"auto\"\r\n     data-full-width-responsive=\"true\"><\/ins>\r\n<script>\r\n     (adsbygoogle = window.adsbygoogle || []).push({});\r\n<\/script><\/div><\/div><br style=\"clear: both; display: block; float: none;\"\/>\n<div id=\"mojev-3262322703\" class=\"mojev-kraj-teksta mojev-entity-placement\" style=\"margin-bottom: 20px;margin-left: auto;margin-right: auto;text-align: center;\"><div class=\"mojev-adlabel\">oglas<\/div><div style=\"height: 250px;\"><script async src=\"https:\/\/pagead2.googlesyndication.com\/pagead\/js\/adsbygoogle.js?client=ca-pub-8106111766207173\"\r\n     crossorigin=\"anonymous\"><\/script>\r\n<!-- Display-1 -->\r\n<ins class=\"adsbygoogle\"\r\n     style=\"display:block\"\r\n     data-ad-client=\"ca-pub-8106111766207173\"\r\n     data-ad-slot=\"1465712950\"\r\n     data-ad-format=\"auto\"\r\n     data-full-width-responsive=\"true\"><\/ins>\r\n<script>\r\n     (adsbygoogle = window.adsbygoogle || []).push({});\r\n<\/script><\/div><\/div>","protected":false},"excerpt":{"rendered":"<p>Ukupno je u ponudi 40 parcela povr\u0161ine do 50 kvadratnih metara. Daju se na kori\u0161tenje na vrijeme od 2 godine bez naknade, s mogu\u0107no\u0161\u0107u produljenja kori\u0161tenja pod uvjetom da se korisnici prema istima odnose pa\u017enjom dobrog gospodara.<\/p>\n","protected":false},"author":1,"featured_media":930,"comment_status":"closed","ping_status":"open","sticky":false,"template":"","format":"standard","meta":{"footnotes":""},"categories":[9],"tags":[204,55,39],"class_list":["post-929","post","type-post","status-publish","format-standard","has-post-thumbnail","hentry","category-vijesti","tag-natjecaj","tag-vrt","tag-zagreb"],"_links":{"self":[{"href":"https:\/\/www.mojevrijeme.hr\/magazin\/wp-json\/wp\/v2\/posts\/929","targetHints":{"allow":["GET"]}}],"collection":[{"href":"https:\/\/www.mojevrijeme.hr\/magazin\/wp-json\/wp\/v2\/posts"}],"about":[{"href":"https:\/\/www.mojevrijeme.hr\/magazin\/wp-json\/wp\/v2\/types\/post"}],"author":[{"embeddable":true,"href":"https:\/\/www.mojevrijeme.hr\/magazin\/wp-json\/wp\/v2\/users\/1"}],"replies":[{"embeddable":true,"href":"https:\/\/www.mojevrijeme.hr\/magazin\/wp-json\/wp\/v2\/comments?post=929"}],"version-history":[{"count":0,"href":"https:\/\/www.mojevrijeme.hr\/magazin\/wp-json\/wp\/v2\/posts\/929\/revisions"}],"wp:featuredmedia":[{"embeddable":true,"href":"https:\/\/www.mojevrijeme.hr\/magazin\/wp-json\/wp\/v2\/media\/930"}],"wp:attachment":[{"href":"https:\/\/www.mojevrijeme.hr\/magazin\/wp-json\/wp\/v2\/media?parent=929"}],"wp:term":[{"taxonomy":"category","embeddable":true,"href":"https:\/\/www.mojevrijeme.hr\/magazin\/wp-json\/wp\/v2\/categories?post=929"},{"taxonomy":"post_tag","embeddable":true,"href":"https:\/\/www.mojevrijeme.hr\/magazin\/wp-json\/wp\/v2\/tags?post=929"}],"curies":[{"name":"wp","href":"https:\/\/api.w.org\/{rel}","templated":true}]}}