{"id":9316,"date":"2017-04-17T16:32:40","date_gmt":"2017-04-17T14:32:40","guid":{"rendered":"http:\/\/www.mojevrijeme.hr\/magazin\/?p=9316"},"modified":"2017-04-17T16:33:22","modified_gmt":"2017-04-17T14:33:22","slug":"janet-jackson-s-50-godina-prvi-puta-postala-majkom","status":"publish","type":"post","link":"https:\/\/www.mojevrijeme.hr\/magazin\/2017\/04\/janet-jackson-s-50-godina-prvi-puta-postala-majkom\/","title":{"rendered":"Janet Jackson s 50 godina prvi puta postala majkom"},"content":{"rendered":"<p>Planetarno popularna pjeva\u010dica <strong>Janet Jackson<\/strong> po svojim godinama pripada na\u0161oj, pedeset plus generaciji, pa ipak tek nedavno je, po prvi puta, postala majkom. Pedesetogodi\u0161nja ponosna mama na dru\u0161tvenim je mre\u017eama podijelila i fotografiju svojeg sina <strong>Eissa<\/strong>\u00a0te uz fotografiju napisala: &#8216;Moja beba i ja poslije drijemanja&#8217;.<\/p>\n<p>Janet je sina dobila u braku s katarskim milijarderom <strong>Wissamom Al Manom<\/strong> za kojega se udala na tajnoj ceremoniji 2012. godine. Me\u0111utim, svega nekoliko tjedana nakon ro\u0111enja sin\u010di\u0107a, Janet je okon\u010dala brak s bogatim biznismenom i to jer je, pri\u010da se, previ\u0161e kontrolirao svaki aspekt njezinog \u017eivota. Njihov sin Eissa ostat \u0107e \u017eivjeti sa svojom majkom u Londonu.<\/p>\n<p>Zbog trudno\u0107e Janet je otkazala svoju veliku svjetsku turneju tijekom koje je trebala odraditi 36 koncerata.<\/p><div id=\"mojev-3024133425\" class=\"mojev-u-tekstu mojev-entity-placement\" style=\"margin-left: auto;margin-right: auto;text-align: center;\"><div class=\"mojev-adlabel\">oglas<\/div><div style=\"height: 250px;\"><script async src=\"https:\/\/pagead2.googlesyndication.com\/pagead\/js\/adsbygoogle.js?client=ca-pub-8106111766207173\"\r\n     crossorigin=\"anonymous\"><\/script>\r\n<!-- Prikazni 1 u tekstu -->\r\n<ins class=\"adsbygoogle\"\r\n     style=\"display:block\"\r\n     data-ad-client=\"ca-pub-8106111766207173\"\r\n     data-ad-slot=\"8535551207\"\r\n     data-ad-format=\"auto\"\r\n     data-full-width-responsive=\"true\"><\/ins>\r\n<script>\r\n     (adsbygoogle = window.adsbygoogle || []).push({});\r\n<\/script><\/div><\/div><br style=\"clear: both; display: block; float: none;\"\/>\n<blockquote class=\"twitter-tweet\" data-lang=\"en\">\n<p dir=\"ltr\" lang=\"en\">My baby and me after nap time. <a href=\"https:\/\/t.co\/5srdrzn8Ex\">pic.twitter.com\/5srdrzn8Ex<\/a><\/p>\n<p>\u2014 Janet Jackson (@JanetJackson) <a href=\"https:\/\/twitter.com\/JanetJackson\/status\/853054639322812416\">April 15, 2017<\/a><\/p><\/blockquote>\n<p><script async src=\"\/\/platform.twitter.com\/widgets.js\" charset=\"utf-8\"><\/script><\/p>\n<div id=\"mojev-2112172581\" class=\"mojev-kraj-teksta mojev-entity-placement\" style=\"margin-bottom: 20px;margin-left: auto;margin-right: auto;text-align: center;\"><div class=\"mojev-adlabel\">oglas<\/div><div style=\"height: 250px;\"><script async src=\"https:\/\/pagead2.googlesyndication.com\/pagead\/js\/adsbygoogle.js?client=ca-pub-8106111766207173\"\r\n     crossorigin=\"anonymous\"><\/script>\r\n<!-- Display-1 -->\r\n<ins class=\"adsbygoogle\"\r\n     style=\"display:block\"\r\n     data-ad-client=\"ca-pub-8106111766207173\"\r\n     data-ad-slot=\"1465712950\"\r\n     data-ad-format=\"auto\"\r\n     data-full-width-responsive=\"true\"><\/ins>\r\n<script>\r\n     (adsbygoogle = window.adsbygoogle || []).push({});\r\n<\/script><\/div><\/div>","protected":false},"excerpt":{"rendered":"<p>Slavna pjeva\u010dica rodila je svoje prvo dijete, sina Elissa, u pedesetoj godini \u017eivota. Kad je doznala da je trudna, Janet je otkazala svjetsku turneju u sklopu koje je trebala odraditi 36 koncerata. Odlu\u010dila je da je to ipak za jednu trudnicu previ\u0161e i u potpunosti se posvetila maj\u010dinstvu.<\/p>\n","protected":false},"author":4,"featured_media":9326,"comment_status":"closed","ping_status":"open","sticky":false,"template":"","format":"standard","meta":{"footnotes":""},"categories":[84],"tags":[855,270],"class_list":["post-9316","post","type-post","status-publish","format-standard","has-post-thumbnail","hentry","category-show","tag-odgodeno-roditeljstvo","tag-pjevaci"],"_links":{"self":[{"href":"https:\/\/www.mojevrijeme.hr\/magazin\/wp-json\/wp\/v2\/posts\/9316","targetHints":{"allow":["GET"]}}],"collection":[{"href":"https:\/\/www.mojevrijeme.hr\/magazin\/wp-json\/wp\/v2\/posts"}],"about":[{"href":"https:\/\/www.mojevrijeme.hr\/magazin\/wp-json\/wp\/v2\/types\/post"}],"author":[{"embeddable":true,"href":"https:\/\/www.mojevrijeme.hr\/magazin\/wp-json\/wp\/v2\/users\/4"}],"replies":[{"embeddable":true,"href":"https:\/\/www.mojevrijeme.hr\/magazin\/wp-json\/wp\/v2\/comments?post=9316"}],"version-history":[{"count":0,"href":"https:\/\/www.mojevrijeme.hr\/magazin\/wp-json\/wp\/v2\/posts\/9316\/revisions"}],"wp:featuredmedia":[{"embeddable":true,"href":"https:\/\/www.mojevrijeme.hr\/magazin\/wp-json\/wp\/v2\/media\/9326"}],"wp:attachment":[{"href":"https:\/\/www.mojevrijeme.hr\/magazin\/wp-json\/wp\/v2\/media?parent=9316"}],"wp:term":[{"taxonomy":"category","embeddable":true,"href":"https:\/\/www.mojevrijeme.hr\/magazin\/wp-json\/wp\/v2\/categories?post=9316"},{"taxonomy":"post_tag","embeddable":true,"href":"https:\/\/www.mojevrijeme.hr\/magazin\/wp-json\/wp\/v2\/tags?post=9316"}],"curies":[{"name":"wp","href":"https:\/\/api.w.org\/{rel}","templated":true}]}}