{"id":93610,"date":"2023-12-11T21:05:16","date_gmt":"2023-12-11T20:05:16","guid":{"rendered":"https:\/\/www.mojevrijeme.hr\/magazin\/?p=93610"},"modified":"2023-12-11T21:05:20","modified_gmt":"2023-12-11T20:05:20","slug":"podijelili-smo-djeci-imovinu-i-vise-se-ne-javljaju-sada-cupamo-kosu","status":"publish","type":"post","link":"https:\/\/www.mojevrijeme.hr\/magazin\/2023\/12\/podijelili-smo-djeci-imovinu-i-vise-se-ne-javljaju-sada-cupamo-kosu\/","title":{"rendered":"\u2018Podijelili smo djeci imovinu i vi\u0161e se ne javljaju. Sada \u010dupamo kosu\u2019"},"content":{"rendered":"\n<p>Do tada sasvim &#8220;normalna djeca&#8221;, barem je tako mislila gospo\u0111a Valentina, preko no\u0107i su se udaljila od majke i oca. Pismeno su im, naime, podijelili svoju imovinu, a usmeno im podijelili obveze koje bi trebali imati prema njima. Obaveze ne ispunjavaju, imovinu su uzeli i, kako se u narodu ka\u017ee, &#8220;dali petama vjetra&#8221;.<\/p>\n\n\n\n<p>&#8220;Evo imam 65 godina \u017eivota i do\u017eivjela sam veliko razo\u010daranje u one kojima sam dala sve \u0161to sam ikad stekla, zajedno sa suprugom. Imamo troje djece i odlu\u010dili smo im darovati svu svoju imovinu, da ne bude sva\u0111e jednog dana kod ostavinskih rasprava. Usmeno smo dogovorili i neke njihove obaveze&#8221;, doznajemo od <strong>gospo\u0111e Valentine<\/strong>.<\/p>\n\n\n\n<h3 class=\"wp-block-heading\">Prije su ih obo\u017eavali<\/h3>\n\n\n\n<p>&#8220;Od tada snaha nas vi\u0161e ni ne zove, a prije nas je obo\u017eavala. Rijetko nas netko od njih posjeti, ali ne da nam ne\u0161to pomogne, nego onako na ru\u010dak. Nitko se od njih ne obazire na usmeni dogovor. Osje\u0107amo se jadno i napu\u0161teno&#8221;, izrazila je svoju bol.<\/p><div id=\"mojev-2104631069\" class=\"mojev-u-tekstu mojev-entity-placement\" style=\"margin-left: auto;margin-right: auto;text-align: center;\"><div class=\"mojev-adlabel\">oglas<\/div><div style=\"height: 250px;\"><script async src=\"https:\/\/pagead2.googlesyndication.com\/pagead\/js\/adsbygoogle.js?client=ca-pub-8106111766207173\"\r\n     crossorigin=\"anonymous\"><\/script>\r\n<!-- Prikazni 1 u tekstu -->\r\n<ins class=\"adsbygoogle\"\r\n     style=\"display:block\"\r\n     data-ad-client=\"ca-pub-8106111766207173\"\r\n     data-ad-slot=\"8535551207\"\r\n     data-ad-format=\"auto\"\r\n     data-full-width-responsive=\"true\"><\/ins>\r\n<script>\r\n     (adsbygoogle = window.adsbygoogle || []).push({});\r\n<\/script><\/div><\/div><br style=\"clear: both; display: block; float: none;\"\/>\n\n\n\n<p>&#8220;Uz jako male mirovine mi sada \u017eivotarimo i \u010dupamo kosu kako bar unucima kupiti poklone za Bo\u017ei\u0107. O dostojanstvenoj starosti samo sanjamo. Boli toliko da razmi\u0161ljamo o raskidanju darovnih ugovora, a mislim da oni uop\u0107e nisu svjesni da se to mo\u017ee. Najbolje bi bilo da sve uzmemo natrag, rasprodamo i u\u017eivamo u preostalom dijelu \u017eivota. Cijeli smo \u017eivot posvetili djeci i ni u snu nismo o\u010dekivali takav preokret u pona\u0161anju&#8221;, te\u0161kom je rukom svoju sudbinu opisala gospo\u0111a Valentina.<\/p>\n\n\n\n<h3 class=\"wp-block-heading\">Tanja: Moje gorko iskustvo<\/h3>\n\n\n\n<p>Na tu temu javila nam se i na\u0161a \u010ditateljica Tanja, tako\u0111er slomljena srca. &#8220;Nakon gorkog iskustva sa sinovima, svima bi preporu\u010dila da nikada za \u017eivota ne pi\u0161u darovne ugovore niti ugovore o uzdr\u017eavanju. Nitko ti ne mo\u017ee zabiti no\u017e u le\u0111a tako \u017eestoko kao rodbina.&#8221;<\/p>\n\n\n\n<p>&#8220;Treba se \u010dim prije zapisati za stara\u010dki dom, i ostaviti mogu\u0107nost da se imovina unov\u010di za pla\u0107anje doma&#8221;, napisala je gospo\u0111a Tanja kratko i jezgrovito, bez puno obja\u0161njavanja kakve su joj rane na srcu prouzro\u010dili vlastiti sinovi.<\/p>\n\n\n\n<div id=\"crveno\"><\/p>\n\n\n\n<h3 class=\"wp-block-heading\">Zanima nas va\u0161a pri\u010da<\/h3>\n\n\n\n<p>\u017delite li i vi, posve anonimno, podijeliti svoje iskustvo i vi\u0111enje ove teme s nama i na\u0161im \u010ditateljima, mo\u017eete to u\u010diniti putem web obrasca <a rel=\"noreferrer noopener\" href=\"https:\/\/www.mojevrijeme.hr\/magazin\/povjerljivo\/\" target=\"_blank\">Povjerljivo<\/a>. Napi\u0161ite svoju pri\u010du!<\/p>\n\n\n\n<p><\/div>\n<div id=\"mojev-3321373210\" class=\"mojev-kraj-teksta mojev-entity-placement\" style=\"margin-bottom: 20px;margin-left: auto;margin-right: auto;text-align: center;\"><div class=\"mojev-adlabel\">oglas<\/div><div style=\"height: 250px;\"><script async src=\"https:\/\/pagead2.googlesyndication.com\/pagead\/js\/adsbygoogle.js?client=ca-pub-8106111766207173\"\r\n     crossorigin=\"anonymous\"><\/script>\r\n<!-- Display-1 -->\r\n<ins class=\"adsbygoogle\"\r\n     style=\"display:block\"\r\n     data-ad-client=\"ca-pub-8106111766207173\"\r\n     data-ad-slot=\"1465712950\"\r\n     data-ad-format=\"auto\"\r\n     data-full-width-responsive=\"true\"><\/ins>\r\n<script>\r\n     (adsbygoogle = window.adsbygoogle || []).push({});\r\n<\/script><\/div><\/div>","protected":false},"excerpt":{"rendered":"<p>Od troje djece, nikoga na pomo\u0107. Kako se to dogodilo i kad je krenulo, gospo\u0111a Valentina nam povjerava u tu\u017enom pismu, svjedo\u010de\u0107i da se promjena dogodila kad su ona i suprug djeci darovnim ugovorom podijelili svu svoju imovinu. Odlu\u010dili su se na to kako se djeca jednog dana ne bi sva\u0111ala oko toga, a dobili su zauzvrat samo okrenuta le\u0111a.<\/p>\n","protected":false},"author":17,"featured_media":93687,"comment_status":"closed","ping_status":"closed","sticky":false,"template":"","format":"standard","meta":{"footnotes":""},"categories":[3552],"tags":[1004,683,918,2748,3532],"class_list":["post-93610","post","type-post","status-publish","format-standard","has-post-thumbnail","hentry","category-povjerljivo","tag-darovanje","tag-dozivotno-uzdrzavanje","tag-imovina","tag-raspolaganje-imovinom","tag-roditelji-i-djeca"],"_links":{"self":[{"href":"https:\/\/www.mojevrijeme.hr\/magazin\/wp-json\/wp\/v2\/posts\/93610","targetHints":{"allow":["GET"]}}],"collection":[{"href":"https:\/\/www.mojevrijeme.hr\/magazin\/wp-json\/wp\/v2\/posts"}],"about":[{"href":"https:\/\/www.mojevrijeme.hr\/magazin\/wp-json\/wp\/v2\/types\/post"}],"author":[{"embeddable":true,"href":"https:\/\/www.mojevrijeme.hr\/magazin\/wp-json\/wp\/v2\/users\/17"}],"replies":[{"embeddable":true,"href":"https:\/\/www.mojevrijeme.hr\/magazin\/wp-json\/wp\/v2\/comments?post=93610"}],"version-history":[{"count":0,"href":"https:\/\/www.mojevrijeme.hr\/magazin\/wp-json\/wp\/v2\/posts\/93610\/revisions"}],"wp:featuredmedia":[{"embeddable":true,"href":"https:\/\/www.mojevrijeme.hr\/magazin\/wp-json\/wp\/v2\/media\/93687"}],"wp:attachment":[{"href":"https:\/\/www.mojevrijeme.hr\/magazin\/wp-json\/wp\/v2\/media?parent=93610"}],"wp:term":[{"taxonomy":"category","embeddable":true,"href":"https:\/\/www.mojevrijeme.hr\/magazin\/wp-json\/wp\/v2\/categories?post=93610"},{"taxonomy":"post_tag","embeddable":true,"href":"https:\/\/www.mojevrijeme.hr\/magazin\/wp-json\/wp\/v2\/tags?post=93610"}],"curies":[{"name":"wp","href":"https:\/\/api.w.org\/{rel}","templated":true}]}}