{"id":93937,"date":"2023-12-15T11:30:07","date_gmt":"2023-12-15T10:30:07","guid":{"rendered":"https:\/\/www.mojevrijeme.hr\/magazin\/?p=93937"},"modified":"2023-12-15T11:31:15","modified_gmt":"2023-12-15T10:31:15","slug":"ivana-65-grozno-je-na-poslu-zelim-na-bolovanje-do-penzije-molim-savjet","status":"publish","type":"post","link":"https:\/\/www.mojevrijeme.hr\/magazin\/2023\/12\/ivana-65-grozno-je-na-poslu-zelim-na-bolovanje-do-penzije-molim-savjet\/","title":{"rendered":"Ivana (65): &#8216;Grozno je na poslu, \u017eelim na bolovanje do penzije. Molim savjet&#8217;"},"content":{"rendered":"\n<p>Gospo\u0111a Ivana (65) u povjerljivom nam pismu otkriva da su joj upravo me\u0111uljudski odnosi na poslu pokvarili sre\u0107u pa jedva \u010deka s prvim danom nadolaze\u0107e 2024. godine zauvijek zatvoriti vrata za sobom. Najradije bi vratima glasno zalupila, ali, s druge strane ,\u017eeli zadr\u017eati pristojnost.<\/p>\n\n\n\n<p>&#8220;Radim zadnje dane na poslu. Iza Nove godine sam ve\u0107 umirovljenica. Veselim se slobodi. Jako su mi te\u0161ko pale posljednje godine rada &#8211; nas nekoliko kolegica radile smo s mladima od oko trideset godina. Osje\u0107ale smo se kao da smo u krivom vlaku i putujemo u krivom smjeru, a tu zabunu nemamo s kime podijeliti osim izme\u0111u sebe, jer na\u0161a istina nikome ne treba&#8221;, napisala nam je.<\/p>\n\n\n\n<h3 class=\"wp-block-heading\">Generacijski jaz<\/h3>\n\n\n\n<p>Taj generacijski jaz, pi\u0161e nadalje, golem je i za nju krajnje neugodan. &#8220;Uz to, situacija u uredu je toksi\u010dna, neugodna, tra\u017ei se potpuna poslu\u0161nost, mladi nakon \u0161to nau\u010de posao odlaze. Nebrojeno puta sam razmi\u0161ljala o tome da <strong>zadnji tjedan otvorim bolovanje<\/strong> i odem <strong>bez pozdrava<\/strong> iz firme u kojoj sam radila 20 godina&#8221;, obja\u0161njava u kakvoj se nelagodi na\u0161la.<\/p><div id=\"mojev-3423976511\" class=\"mojev-u-tekstu mojev-entity-placement\" style=\"margin-left: auto;margin-right: auto;text-align: center;\"><div class=\"mojev-adlabel\">oglas<\/div><div style=\"height: 250px;\"><script async src=\"https:\/\/pagead2.googlesyndication.com\/pagead\/js\/adsbygoogle.js?client=ca-pub-8106111766207173\"\r\n     crossorigin=\"anonymous\"><\/script>\r\n<!-- Prikazni 1 u tekstu -->\r\n<ins class=\"adsbygoogle\"\r\n     style=\"display:block\"\r\n     data-ad-client=\"ca-pub-8106111766207173\"\r\n     data-ad-slot=\"8535551207\"\r\n     data-ad-format=\"auto\"\r\n     data-full-width-responsive=\"true\"><\/ins>\r\n<script>\r\n     (adsbygoogle = window.adsbygoogle || []).push({});\r\n<\/script><\/div><\/div><br style=\"clear: both; display: block; float: none;\"\/>\n\n\n\n<p>&#8220;Lomim se. Razgovarala sam s mnogim prijateljima o tome. Prijateljica psihijatrica rekla mi je da treba ostati do kraja, svoj dio posla dovr\u0161iti i zatvoriti pri\u010du na ispravan i \u010dist na\u010din, a drugi neka se ravnaju po svojim mjerilima&#8221;, otkrila je gospo\u0111a Ivana.<\/p>\n\n\n\n<h3 class=\"wp-block-heading\">Podijeljena mi\u0161ljenja<\/h3>\n\n\n\n<p>Kako ka\u017ee, razgovarala je i s kolegicama s kojima ima dobre dugogodi\u0161nje odnose na poslu. &#8220;Mla\u0111a kolegica iz ureda, 45-godi\u0161njakinja, koja je upoznata s lo\u0161om, toksi\u010dnom atmosferom, nije dijelila mi\u0161ljenje da treba biti &#8216;iznad situacije&#8217;. Rekla mi je da kako god odlu\u010dim, u redu je, te da se ne trebam lomiti. Ne zaslu\u017euju&#8221;, opisuje i drugo mi\u0161ljenje.<\/p>\n\n\n\n<p>A ona, pi\u0161e, ne mo\u017ee odlu\u010diti i osje\u0107a krivnju. &#8220;Odlazim u mirovinu s otpremninom od 10 pla\u0107a, mirovina mi treba biti oko 900 eura. Pa to nije malo&#8221;, povjerava nam.<\/p>\n\n\n\n<p>Potom pita na\u0161e iskusne \u010ditatelje, \u0161to joj je \u010diniti. &#8220;Je li drsko oti\u0107i bez pozdrava iz firme koja je davala dobre pla\u0107e, ali nas je kao ljude obezvrijedila, ponizila? Treba li biti iznad svega ili pokazati da smo odradili posao, uzeli novac, a posljednje pi\u0107e podijelit \u0107emo s nekim drugim?&#8221; pita gospo\u0111a Ivana koja ima 65 godina, fakultetski je obrazovana te je radila posao vezan uz EU fondove.<\/p>\n\n\n\n<div id=\"crveno\"><\/p>\n\n\n\n<h3 class=\"wp-block-heading\">Zanima nas va\u0161a pri\u010da<\/h3>\n\n\n\n<p>\u017delite li i vi, posve anonimno, podijeliti svoje iskustvo i vi\u0111enje ove teme s nama i na\u0161im \u010ditateljima, mo\u017eete to u\u010diniti putem web obrasca <a rel=\"noreferrer noopener\" href=\"https:\/\/www.mojevrijeme.hr\/magazin\/povjerljivo\/\" target=\"_blank\">Povjerljivo<\/a>. Napi\u0161ite svoju pri\u010du!<\/p>\n\n\n\n<p><\/div>\n<div id=\"mojev-1720675666\" class=\"mojev-kraj-teksta mojev-entity-placement\" style=\"margin-bottom: 20px;margin-left: auto;margin-right: auto;text-align: center;\"><div class=\"mojev-adlabel\">oglas<\/div><div style=\"height: 250px;\"><script async src=\"https:\/\/pagead2.googlesyndication.com\/pagead\/js\/adsbygoogle.js?client=ca-pub-8106111766207173\"\r\n     crossorigin=\"anonymous\"><\/script>\r\n<!-- Display-1 -->\r\n<ins class=\"adsbygoogle\"\r\n     style=\"display:block\"\r\n     data-ad-client=\"ca-pub-8106111766207173\"\r\n     data-ad-slot=\"1465712950\"\r\n     data-ad-format=\"auto\"\r\n     data-full-width-responsive=\"true\"><\/ins>\r\n<script>\r\n     (adsbygoogle = window.adsbygoogle || []).push({});\r\n<\/script><\/div><\/div>","protected":false},"excerpt":{"rendered":"<p>Uo\u010di odlaska u mirovinu, ne vrednujemo radni vijek samo po uspjehu u karijeru, ve\u0107 i po kolegama s kojima smo proveli godine, mo\u017eda i desetlje\u0107a. Ako smo uz njih bili veseli i poletni, pustit \u0107emo i suzu na odlasku, uz obe\u0107anje da \u0107emo se nastaviti vi\u0111ati. Ako smo bili nesretni, jedva \u010dekamo oti\u0107i \u2013 ba\u0161 poput na\u0161e \u010ditateljice Ivane koja nam se povjerila.<\/p>\n","protected":false},"author":17,"featured_media":93968,"comment_status":"closed","ping_status":"closed","sticky":false,"template":"","format":"standard","meta":{"footnotes":""},"categories":[3552],"tags":[3848,29],"class_list":["post-93937","post","type-post","status-publish","format-standard","has-post-thumbnail","hentry","category-povjerljivo","tag-meduljudski-odnosi","tag-posao"],"_links":{"self":[{"href":"https:\/\/www.mojevrijeme.hr\/magazin\/wp-json\/wp\/v2\/posts\/93937","targetHints":{"allow":["GET"]}}],"collection":[{"href":"https:\/\/www.mojevrijeme.hr\/magazin\/wp-json\/wp\/v2\/posts"}],"about":[{"href":"https:\/\/www.mojevrijeme.hr\/magazin\/wp-json\/wp\/v2\/types\/post"}],"author":[{"embeddable":true,"href":"https:\/\/www.mojevrijeme.hr\/magazin\/wp-json\/wp\/v2\/users\/17"}],"replies":[{"embeddable":true,"href":"https:\/\/www.mojevrijeme.hr\/magazin\/wp-json\/wp\/v2\/comments?post=93937"}],"version-history":[{"count":0,"href":"https:\/\/www.mojevrijeme.hr\/magazin\/wp-json\/wp\/v2\/posts\/93937\/revisions"}],"wp:featuredmedia":[{"embeddable":true,"href":"https:\/\/www.mojevrijeme.hr\/magazin\/wp-json\/wp\/v2\/media\/93968"}],"wp:attachment":[{"href":"https:\/\/www.mojevrijeme.hr\/magazin\/wp-json\/wp\/v2\/media?parent=93937"}],"wp:term":[{"taxonomy":"category","embeddable":true,"href":"https:\/\/www.mojevrijeme.hr\/magazin\/wp-json\/wp\/v2\/categories?post=93937"},{"taxonomy":"post_tag","embeddable":true,"href":"https:\/\/www.mojevrijeme.hr\/magazin\/wp-json\/wp\/v2\/tags?post=93937"}],"curies":[{"name":"wp","href":"https:\/\/api.w.org\/{rel}","templated":true}]}}