{"id":94327,"date":"2023-12-20T12:49:33","date_gmt":"2023-12-20T11:49:33","guid":{"rendered":"https:\/\/www.mojevrijeme.hr\/magazin\/?p=94327"},"modified":"2023-12-22T18:18:43","modified_gmt":"2023-12-22T17:18:43","slug":"dijana-25-svekrva-mi-rovari-iz-leda-a-muz-nikako-da-se-odlijepi-od-nje","status":"publish","type":"post","link":"https:\/\/www.mojevrijeme.hr\/magazin\/2023\/12\/dijana-25-svekrva-mi-rovari-iz-leda-a-muz-nikako-da-se-odlijepi-od-nje\/","title":{"rendered":"Dijana (25): Svekrva mi rovari iz le\u0111a, a mu\u017e nikako da se odlijepi od nje"},"content":{"rendered":"\n<p>Gospo\u0111a Dijana mlada je majka dvogodi\u0161njeg dje\u010daka te je u braku sa suprugom koji ima 23 godine. Njezini problemi nastaju upravo na strani mu\u017eeve obitelji.<\/p>\n\n\n\n<p>&#8220;Moja svekrva relativno je mlada postala svekrva i baka, jer mu\u017e ima sestru koja se udala prije njega i rodila. Mene nisu prihva\u0107ali u obitelj jo\u0161 otkako smo suprug i ja prohodali. Za svekrvu se uvijek sve vrtjelo oko k\u0107eri i njezine obitelji. Uvijek se njima sve davalo, a unuka se svuda vodila\u201d, povjerava nam Dijana.<\/p>\n\n\n\n<p>Gdje god bi svekrva i svekar i\u0161li, jada nam se nadalje, s njima je i\u0161la samo njihova unuka, ne i unuk. &#8220;Svog unuka, na\u0161eg sina, niti jednom nigdje nisu poveli. Maleni je zbog toga jako tu\u017ean, a kad smo to njima jednom rekli, njihov odgovor je bio da je on jo\u0161 mali i da ga oni ne mogu voditi sa sobom. To nije istina jer je unuka kod njih svaki vikend prespavala dok je jo\u0161 bila beba, a moj sin im je premali i s dvije godine&#8221;, pi\u0161e nam.<\/p><div id=\"mojev-4218081313\" class=\"mojev-u-tekstu mojev-entity-placement\" style=\"margin-left: auto;margin-right: auto;text-align: center;\"><div class=\"mojev-adlabel\">oglas<\/div><div style=\"height: 250px;\"><script async src=\"https:\/\/pagead2.googlesyndication.com\/pagead\/js\/adsbygoogle.js?client=ca-pub-8106111766207173\"\r\n     crossorigin=\"anonymous\"><\/script>\r\n<!-- Prikazni 1 u tekstu -->\r\n<ins class=\"adsbygoogle\"\r\n     style=\"display:block\"\r\n     data-ad-client=\"ca-pub-8106111766207173\"\r\n     data-ad-slot=\"8535551207\"\r\n     data-ad-format=\"auto\"\r\n     data-full-width-responsive=\"true\"><\/ins>\r\n<script>\r\n     (adsbygoogle = window.adsbygoogle || []).push({});\r\n<\/script><\/div><\/div><br style=\"clear: both; display: block; float: none;\"\/>\n\n\n\n<p>Suprug i ona su, obja\u0161njava, prihvatili da drugu obitelj vi\u0161e podr\u017eavaju i obo\u017eavaju. &#8220;Prihvatili smo to kao normalni ljudi i nismo se mije\u0161ali u ni\u0161ta pa ni u njihove probleme. Jednako tako, nikoga nismo mije\u0161ali u svoje sva\u0111e, rje\u0161avali bi ih u svojoj ku\u0107i. Ne volim kad se netko mije\u0161a u moj \u017eivot, to najvi\u0161e mrzim&#8221;, povjerava nam.<\/p>\n\n\n\n<p>Suprug, doznajemo, radi u obiteljskoj tvrtki koja ima sjedi\u0161te kod svekrve i svekra, a oni \u017eive udaljeni svega pet minuta automobilom. &#8220;Ja sam kod ku\u0107e s djetetom i ne radim, a tu i nastaju problemi. Istina je da sam ve\u0107inu vremena kod ku\u0107e, a svekrva mi predbacuje da nikamo ne idem, da sam previ\u0161e u ku\u0107i. \u0160tovi\u0161e, prigovara mi da ne brinem o djetetu i da ne kuham pa dijete nema \u0161to jesti, i tako bli\u017ee i tako dalje&#8221;, opisuje Dijana.<\/p>\n\n\n\n<h3 class=\"wp-block-heading\">Povratak \u0161ogorice<\/h3>\n\n\n\n<p>Potom je izrazila svoje \u010du\u0111enje na te svekrvine rije\u010di, koje peku. &#8220;Ona ne zna \u0161to se doga\u0111a kod nas u ku\u0107i jer nas posjeti jednom mjese\u010dno i samo kad ne\u0161to treba. Zadr\u017ei se deset minuta i to je to od nje. Donedavno sam sve to jo\u0161 mogla podnositi, ali prije dva mjeseca sve je eskaliralo. Po\u010delo je kad joj se k\u0107i, moja \u0161ogorica, s djetetom vratila ku\u0107i zbog problema u braku&#8221;, obja\u0161njava.<\/p>\n\n\n\n<p>&#8220;Ve\u0107 tjedan dana nakon \u0161to joj je k\u0107i do\u0161la doma po\u010dela mi je raditi probleme i poticala je sva\u0111u izme\u0111u mene i mu\u017ea, s tim da mu je govorila razne stvari o meni. Naravno da smo se nakon toga on i ja jako posva\u0111ali, ali opet, to smo rije\u0161ili u svojoj ku\u0107i&#8221;, pi\u0161e nezadovoljna Dijana. &nbsp;<\/p>\n\n\n\n<p>Svekrva ni tu nije stala, ve\u0107 je, kako tvrdi na\u0161a mlada \u010ditateljica, po\u010dela \u0161iriti la\u017ei o \u010ditavoj njezinoj obitelji, roditeljima i bratu. &#8220;Tek tad sam mu\u017eu rekla da vi\u0161e ne \u017eelim s njegovom mamom imati posla i da uop\u0107e ne \u017eelim razgovarati s njom. \u00a0Mu\u017e mi je rekao da unato\u010d svemu on i dalje \u017eeli da svi normalno razgovaramo i dru\u017eimo se. Stoput sam promislila, ali sam od te ideje odustala nakon \u0161to mi je \u0161ogorica rekla da sam ja ta koja se svekrvi moram ispri\u010dati za svoje pona\u0161anje&#8221;, pi\u0161e negoduju\u0107i.<\/p>\n\n\n\n<h3 class=\"wp-block-heading\">Suprug i vikende provodi s roditeljima<\/h3>\n\n\n\n<p>&#8220;Pa ja sam ta koja u cijeloj toj pri\u010di nikada nisam ni\u0161ta lo\u0161e rekla njegovim roditeljima, a sada oni o\u010dekuju od mene da se ja ispri\u010dam. Ne vidim smisao&#8221;, napisala je. Potom je objasnila da je mu\u017eu rekla kako razumije da on mora svaki dan kod svojih zbog posla, ali da bi voljela da ne ide tamo barem vikendom, kad je slobodan, jer to nije u redu. &#8220;Na to mi je odgovorio da se on kod njih ide dru\u017eiti. Znam da ga oni tamo zovu i znam da mu pri\u010daju sve i sva\u0161ta za mene, jer kad do\u0111e ku\u0107i sav je \u017eiv\u010dan i odmah mi je sve jasno.&#8221;<\/p>\n\n\n\n<p>&#8220;\u010cesto samo pre\u0161utim jer se ne \u017eelim sva\u0111ati s njim, a kad mu i objasnim da \u017eelim da je on vikendom doma s djetetom i sa mnom, ka\u017ee mi da je s nama svaki dan. Pa dobro, pretjerujem li? Ne znam \u0161to napraviti, samo sam \u017eena koja se bori za svoju obitelj. Molim za savjet, hvala&#8221;, napisala je na kraju pisma.<\/p>\n\n\n\n<div id=\"crveno\"><\/p>\n\n\n\n<h3 class=\"wp-block-heading\">Zanima nas va\u0161a pri\u010da<\/h3>\n\n\n\n<p>\u017delite li i vi, posve anonimno, podijeliti svoje iskustvo i vi\u0111enje ove teme s nama i na\u0161im \u010ditateljima, mo\u017eete to u\u010diniti putem web obrasca <a rel=\"noreferrer noopener\" href=\"https:\/\/www.mojevrijeme.hr\/magazin\/povjerljivo\/\" target=\"_blank\">Povjerljivo<\/a>. Napi\u0161ite svoju pri\u010du!<\/p>\n\n\n\n<p><\/div>\n<div id=\"mojev-1373431830\" class=\"mojev-kraj-teksta mojev-entity-placement\" style=\"margin-bottom: 20px;margin-left: auto;margin-right: auto;text-align: center;\"><div class=\"mojev-adlabel\">oglas<\/div><div style=\"height: 250px;\"><script async src=\"https:\/\/pagead2.googlesyndication.com\/pagead\/js\/adsbygoogle.js?client=ca-pub-8106111766207173\"\r\n     crossorigin=\"anonymous\"><\/script>\r\n<!-- Display-1 -->\r\n<ins class=\"adsbygoogle\"\r\n     style=\"display:block\"\r\n     data-ad-client=\"ca-pub-8106111766207173\"\r\n     data-ad-slot=\"1465712950\"\r\n     data-ad-format=\"auto\"\r\n     data-full-width-responsive=\"true\"><\/ins>\r\n<script>\r\n     (adsbygoogle = window.adsbygoogle || []).push({});\r\n<\/script><\/div><\/div>","protected":false},"excerpt":{"rendered":"<p>Da bijes ne iskali na svojim voljenima, gospo\u0111a Dijana (25) u dugom se pismu na svekrvu po\u017ealila nama. Problemi sa svekrvom, pi\u0161e nam, samo se ni\u017eu iako ne \u017eive u istoj ku\u0107i, niti se \u010desto vi\u0111aju &#8211; njezino neprijateljstvo i podmuklo rovarenje iza le\u0111a osje\u0107a preko supruga.<\/p>\n","protected":false},"author":17,"featured_media":94343,"comment_status":"closed","ping_status":"closed","sticky":false,"template":"","format":"standard","meta":{"footnotes":""},"categories":[3552],"tags":[3437,3550],"class_list":["post-94327","post","type-post","status-publish","format-standard","has-post-thumbnail","hentry","category-povjerljivo","tag-obiteljski-odnosi","tag-svekrve-i-snahe"],"_links":{"self":[{"href":"https:\/\/www.mojevrijeme.hr\/magazin\/wp-json\/wp\/v2\/posts\/94327","targetHints":{"allow":["GET"]}}],"collection":[{"href":"https:\/\/www.mojevrijeme.hr\/magazin\/wp-json\/wp\/v2\/posts"}],"about":[{"href":"https:\/\/www.mojevrijeme.hr\/magazin\/wp-json\/wp\/v2\/types\/post"}],"author":[{"embeddable":true,"href":"https:\/\/www.mojevrijeme.hr\/magazin\/wp-json\/wp\/v2\/users\/17"}],"replies":[{"embeddable":true,"href":"https:\/\/www.mojevrijeme.hr\/magazin\/wp-json\/wp\/v2\/comments?post=94327"}],"version-history":[{"count":0,"href":"https:\/\/www.mojevrijeme.hr\/magazin\/wp-json\/wp\/v2\/posts\/94327\/revisions"}],"wp:featuredmedia":[{"embeddable":true,"href":"https:\/\/www.mojevrijeme.hr\/magazin\/wp-json\/wp\/v2\/media\/94343"}],"wp:attachment":[{"href":"https:\/\/www.mojevrijeme.hr\/magazin\/wp-json\/wp\/v2\/media?parent=94327"}],"wp:term":[{"taxonomy":"category","embeddable":true,"href":"https:\/\/www.mojevrijeme.hr\/magazin\/wp-json\/wp\/v2\/categories?post=94327"},{"taxonomy":"post_tag","embeddable":true,"href":"https:\/\/www.mojevrijeme.hr\/magazin\/wp-json\/wp\/v2\/tags?post=94327"}],"curies":[{"name":"wp","href":"https:\/\/api.w.org\/{rel}","templated":true}]}}