{"id":94348,"date":"2023-12-20T15:43:03","date_gmt":"2023-12-20T14:43:03","guid":{"rendered":"https:\/\/www.mojevrijeme.hr\/magazin\/?p=94348"},"modified":"2023-12-20T15:43:53","modified_gmt":"2023-12-20T14:43:53","slug":"crnogorcima-minimalna-mirovina-od-450-eura-nece-se-mijenjati-iduce-dvije-godine","status":"publish","type":"post","link":"https:\/\/www.mojevrijeme.hr\/magazin\/2023\/12\/crnogorcima-minimalna-mirovina-od-450-eura-nece-se-mijenjati-iduce-dvije-godine\/","title":{"rendered":"Crnogorcima minimalna mirovina od 450 eura, ne\u0107e se mijenjati idu\u0107e dvije godine"},"content":{"rendered":"\n<p>Minimalna mirovina \u0107e od 1. sije\u010dnja iznositi 450 eura i ne\u0107e se pove\u0107avati tijekom sljede\u0107e dvije godine, objavila je crnogorska ministrica rada i socijalne skrbi <strong>Naida Ni\u0161i\u0107<\/strong>.<\/p>\n\n\n\n<p>&#8220;Broj korisnika tih mirovina je 40,87 tisu\u0107a. Naredne dvije godine ne\u0107e biti pove\u0107anja tih mirovina, dok \u0107e ostale imati prilagodbe svakih \u010detiri mjeseca&#8221;, rekla je Ni\u0161i\u0107 na konferenciji za novinare povodom izmjena Zakona o mirovinskom i invalidskom osiguranju (MIO). <\/p>\n\n\n\n<p>Dodala da razmjerne mirovine ne\u0107e biti obuhva\u0107ene prvim fazama mjera Vlade CG. &#8220;U narednom razdoblju \u0107emo razmotriti na koji na\u010din rije\u0161iti prepreke koje postoje u vezi s pitanjem razmjernih mirovina&#8221;, izjavila je Ni\u0161i\u0107.<\/p><div id=\"mojev-595852931\" class=\"mojev-u-tekstu mojev-entity-placement\" style=\"margin-left: auto;margin-right: auto;text-align: center;\"><div class=\"mojev-adlabel\">oglas<\/div><div style=\"height: 250px;\"><script async src=\"https:\/\/pagead2.googlesyndication.com\/pagead\/js\/adsbygoogle.js?client=ca-pub-8106111766207173\"\r\n     crossorigin=\"anonymous\"><\/script>\r\n<!-- Prikazni 1 u tekstu -->\r\n<ins class=\"adsbygoogle\"\r\n     style=\"display:block\"\r\n     data-ad-client=\"ca-pub-8106111766207173\"\r\n     data-ad-slot=\"8535551207\"\r\n     data-ad-format=\"auto\"\r\n     data-full-width-responsive=\"true\"><\/ins>\r\n<script>\r\n     (adsbygoogle = window.adsbygoogle || []).push({});\r\n<\/script><\/div><\/div><br style=\"clear: both; display: block; float: none;\"\/>\n\n\n\n<p>Odgovaraju\u0107i na pitanja novinara, Ni\u0161i\u0107 je objasnila da odluka o zamrzavanju minimalnih mirovina na dvije godine treba biti donesena u Skup\u0161tini. &#8220;Reforme tek slijede, ali ako uvidimo da ta mjera nije dobra, ne\u0107e biti problema preispitati odluku&#8221;, rekla je Ni\u0161i\u0107. Izjavila je da vjeruje da je ovakva odluka ustavna, kao i da zakone treba primjenjivati nakon analiza, javlja <a href=\"https:\/\/rtcg.me\/vijesti\/ekonomija\/500495\/minimalne-penzije-se-nece-povecavati-naredne-dvije-godine.html\" target=\"_blank\" rel=\"noreferrer noopener\">RTCG<\/a>.<\/p>\n\n\n\n<p>Dr\u017eavna tajnica u nadle\u017enom Ministarstvu, <strong>An\u0111ela Nedovi\u0107<\/strong>, rekla je da se pove\u0107anja mirovina ne\u0107e financirati zadu\u017eivanjem. &#8220;Prosje\u010dna mirovina u sljede\u0107oj godini iznositi \u0107e oko 550 eura, uz pove\u0107anje minimalnih mirovina i redovito uskla\u0111ivanje ostalih mirovina&#8221;, dodala je Nedovi\u0107.<\/p>\n\n\n\n<p>Predstavnici Direktorata za mirovinsko i invalidsko osiguranje saop\u0107ili su da razmjerne mirovine prima 4,9 tisu\u0107a korisnika, a da 405 korisnika ima manje od 15 godina sta\u017ea. Kako su naveli, postavlja se pitanje koliko je pravedno te mirovine izjedna\u010diti s minimalnima.<\/p>\n<div id=\"mojev-3096721949\" class=\"mojev-kraj-teksta mojev-entity-placement\" style=\"margin-bottom: 20px;margin-left: auto;margin-right: auto;text-align: center;\"><div class=\"mojev-adlabel\">oglas<\/div><div style=\"height: 250px;\"><script async src=\"https:\/\/pagead2.googlesyndication.com\/pagead\/js\/adsbygoogle.js?client=ca-pub-8106111766207173\"\r\n     crossorigin=\"anonymous\"><\/script>\r\n<!-- Display-1 -->\r\n<ins class=\"adsbygoogle\"\r\n     style=\"display:block\"\r\n     data-ad-client=\"ca-pub-8106111766207173\"\r\n     data-ad-slot=\"1465712950\"\r\n     data-ad-format=\"auto\"\r\n     data-full-width-responsive=\"true\"><\/ins>\r\n<script>\r\n     (adsbygoogle = window.adsbygoogle || []).push({});\r\n<\/script><\/div><\/div>","protected":false},"excerpt":{"rendered":"<p>Prosje\u010dna crnogorska mirovina u sljede\u0107oj godini iznositi \u0107e oko 550 eura, uz pove\u0107anje minimalnih mirovina i redovito uskla\u0111ivanje ostalih mirovina.<\/p>\n","protected":false},"author":1,"featured_media":80067,"comment_status":"closed","ping_status":"closed","sticky":false,"template":"","format":"standard","meta":{"footnotes":""},"categories":[9],"tags":[1339,18],"class_list":["post-94348","post","type-post","status-publish","format-standard","has-post-thumbnail","hentry","category-vijesti","tag-crna-gora","tag-mirovine"],"_links":{"self":[{"href":"https:\/\/www.mojevrijeme.hr\/magazin\/wp-json\/wp\/v2\/posts\/94348","targetHints":{"allow":["GET"]}}],"collection":[{"href":"https:\/\/www.mojevrijeme.hr\/magazin\/wp-json\/wp\/v2\/posts"}],"about":[{"href":"https:\/\/www.mojevrijeme.hr\/magazin\/wp-json\/wp\/v2\/types\/post"}],"author":[{"embeddable":true,"href":"https:\/\/www.mojevrijeme.hr\/magazin\/wp-json\/wp\/v2\/users\/1"}],"replies":[{"embeddable":true,"href":"https:\/\/www.mojevrijeme.hr\/magazin\/wp-json\/wp\/v2\/comments?post=94348"}],"version-history":[{"count":0,"href":"https:\/\/www.mojevrijeme.hr\/magazin\/wp-json\/wp\/v2\/posts\/94348\/revisions"}],"wp:featuredmedia":[{"embeddable":true,"href":"https:\/\/www.mojevrijeme.hr\/magazin\/wp-json\/wp\/v2\/media\/80067"}],"wp:attachment":[{"href":"https:\/\/www.mojevrijeme.hr\/magazin\/wp-json\/wp\/v2\/media?parent=94348"}],"wp:term":[{"taxonomy":"category","embeddable":true,"href":"https:\/\/www.mojevrijeme.hr\/magazin\/wp-json\/wp\/v2\/categories?post=94348"},{"taxonomy":"post_tag","embeddable":true,"href":"https:\/\/www.mojevrijeme.hr\/magazin\/wp-json\/wp\/v2\/tags?post=94348"}],"curies":[{"name":"wp","href":"https:\/\/api.w.org\/{rel}","templated":true}]}}