{"id":94801,"date":"2023-12-27T12:12:47","date_gmt":"2023-12-27T11:12:47","guid":{"rendered":"https:\/\/www.mojevrijeme.hr\/magazin\/?p=94801"},"modified":"2023-12-27T12:12:50","modified_gmt":"2023-12-27T11:12:50","slug":"otjerali-smo-zeta-sad-su-podstanari-s-njegovom-mamom","status":"publish","type":"post","link":"https:\/\/www.mojevrijeme.hr\/magazin\/2023\/12\/otjerali-smo-zeta-sad-su-podstanari-s-njegovom-mamom\/","title":{"rendered":"&#8216;Otjerali smo zeta, sad su podstanari s njegovom mamom&#8217;"},"content":{"rendered":"\n<p>Na\u0161a \u010ditateljica Marija i njezin suprug \u017eive sami u ku\u0107i, negdje, ka\u017ee nam ona, imaju unuku od 5 godina i unuka od godinu i pol, ali ih jo\u0161 nikad u \u017eivotu nisu vidjeli. &#8220;Ta djeca valjda uop\u0107e ne znaju da imaju baku i djeda. Na\u0161a nam ih k\u0107i ne \u017eeli dovesti, a jednako tako ni ona nas ne \u017eeli vidjeti. Sve je po\u010delo jo\u0161 kad je zapo\u010dela vezu s dana\u0161njim suprugom&#8221;, povjerava nam svoju te\u0161ku sudbinu <strong>gospo\u0111a Marija<\/strong>.<\/p>\n\n\n\n<p>Najprije su, opisala nam je, \u017eivjeli s njima u ku\u0107i. &#8220;Sve su imali, ali on je s vremenom po\u010deo sve otvorenije pokazivati svoje pravo lice i malo po malo uspio je na\u0161u k\u0107er uvjeriti \u010dak i u to da je mi, njezini roditelji, uop\u0107e ne volimo. Manipulirao je s njom kao s lutkom&#8221;, obja\u0161njava nam na\u0161a utu\u010dena \u010ditateljica.<\/p>\n\n\n\n<p>Njihova k\u0107i je svom suprugu, svjedo\u010di nadalje gospo\u0111a Marija, sve slijepo vjerovala, ne dovodiv\u0161i njegove tvrdnje i konstatacije u pitanje. &#8220;S vremenom je ona usvojila isti obrazac pona\u0161anja kakav je imao i on. Bio je drzak i bezobrazan. Do\u0161lo je do toga da se po\u010deo pona\u0161at kao da mi \u017eivimo u njegovoj ku\u0107i, a ne on u na\u0161oj. Samo je njegova mama bila dobra. Pravi mamin sin&#8221;, otkriva nam.<\/p><div id=\"mojev-2913229520\" class=\"mojev-u-tekstu mojev-entity-placement\" style=\"margin-left: auto;margin-right: auto;text-align: center;\"><div class=\"mojev-adlabel\">oglas<\/div><div style=\"height: 250px;\"><script async src=\"https:\/\/pagead2.googlesyndication.com\/pagead\/js\/adsbygoogle.js?client=ca-pub-8106111766207173\"\r\n     crossorigin=\"anonymous\"><\/script>\r\n<!-- Prikazni 1 u tekstu -->\r\n<ins class=\"adsbygoogle\"\r\n     style=\"display:block\"\r\n     data-ad-client=\"ca-pub-8106111766207173\"\r\n     data-ad-slot=\"8535551207\"\r\n     data-ad-format=\"auto\"\r\n     data-full-width-responsive=\"true\"><\/ins>\r\n<script>\r\n     (adsbygoogle = window.adsbygoogle || []).push({});\r\n<\/script><\/div><\/div><br style=\"clear: both; display: block; float: none;\"\/>\n\n\n\n<p>Kako obja\u0161njava, ona i suprug vi\u0161e nisu mogli izdr\u017eati bezobrazluk u svojoj ku\u0107i. &#8220;Zbog ru\u017enog pona\u0161anja i potpunog nepo\u0161tivanja rekli smo im da on vi\u0161e ne mo\u017ee \u017eivjeti kod nas. K\u0107eri smo rekli da je ovo i njezina ku\u0107a te da \u0107e joj vrata uvijek biti otvorena. Me\u0111utim, ona je oti\u0161la s njim i vi\u0161e nikad nije do\u0161la&#8221;, povjerava nam gospo\u0111a Marija.<\/p>\n\n\n\n<p>&#8220;Ona svoje roditelje vi\u0161e ne \u017eeli ni \u010duti ni vidjeti. Sa svekrvom si je super, ona sada \u017eivi s njima u podstanarstvu. \u0160to bi vi napravili da ste na na\u0161em mjestu?&#8221; pita za savjet gospo\u0111a Marija uzdi\u0161e za k\u0107erkom, a osobito za svojih dvoje unu\u010dadi koje jo\u0161 nije upoznala.<\/p>\n\n\n\n<h2 class=\"wp-block-heading\">\u0160to u\u010diniti?<\/h2>\n\n\n\n<p>Ovo je samo jedna pri\u010da koja negira uvrije\u017eeni stereotip da se snahe i svekrve ne sla\u017eu, a da zetovi i punice imaju odnos pun ljubavi i razumijevanja. Iako situaciju u kojoj se na\u0161la gospo\u0111a Marija, vjerojatno, nije lako brzo popraviti, \u0161to se prije krene u oporavak odnosa, to \u0107e krajnja \u0161teta po obitelj biti manja. <\/p>\n\n\n\n<p>No od kuda krenuti? Na\u0161a bi \u010ditateljica prvenstveno trebala uspostaviti otvorenu i iskrenu komunikaciju s k\u0107eri. Mo\u017eda je pismena poruka dobar po\u010detak. Pri tome bi se trebalo izbje\u0107i tra\u017eenje krivca, dok bi fokus trebao biti na brizi i ljubavi koju osje\u0107a prema k\u0107eri i unucima. <\/p>\n\n\n\n<p>Uz to, valjalo bi razmisliti o osje\u0107ajima druge strane, o k\u0107erkinim emocionalnim ozljedama, brigama i strahovima zbog kojih se udaljila. Kada razumijemo druge, s njima lak\u0161e popravljamo odnose. Nije zgorega ni potra\u017eiti pomo\u0107 terapeuta. Pri svemu tomu, nekad je potrebno i vrijeme za smirivanje i analizu osje\u0107aja. No  ovom slu\u010daju, pro\u0161lo je sasvim dovoljno vremena.<\/p>\n\n\n\n<p>I, dakako, iskrena introspekcija je klju\u010d zacjeljenja odnosa. Ma koliko druga strana bila kriva, za sukob je potrebno dvoje. Svatko bi trebao razmisliti o vlastitim postupcima i pona\u0161anju. Ponekad je va\u017eno prepoznati vlastitu ulogu u sukobima i biti spreman na promjene.<\/p>\n\n\n\n<div id=\"crveno\"><\/p>\n\n\n\n<h3 class=\"wp-block-heading\">Zanima nas va\u0161a pri\u010da<\/h3>\n\n\n\n<p>\u017delite li i vi, posve anonimno, podijeliti svoje iskustvo i vi\u0111enje ove teme s nama i na\u0161im \u010ditateljima, mo\u017eete to u\u010diniti putem web obrasca <a rel=\"noreferrer noopener\" href=\"https:\/\/www.mojevrijeme.hr\/magazin\/povjerljivo\/\" target=\"_blank\">Povjerljivo<\/a>. Napi\u0161ite svoju pri\u010du!<\/p>\n\n\n\n<p><\/div>\n<div id=\"mojev-3966501859\" class=\"mojev-kraj-teksta mojev-entity-placement\" style=\"margin-bottom: 20px;margin-left: auto;margin-right: auto;text-align: center;\"><div class=\"mojev-adlabel\">oglas<\/div><div style=\"height: 250px;\"><script async src=\"https:\/\/pagead2.googlesyndication.com\/pagead\/js\/adsbygoogle.js?client=ca-pub-8106111766207173\"\r\n     crossorigin=\"anonymous\"><\/script>\r\n<!-- Display-1 -->\r\n<ins class=\"adsbygoogle\"\r\n     style=\"display:block\"\r\n     data-ad-client=\"ca-pub-8106111766207173\"\r\n     data-ad-slot=\"1465712950\"\r\n     data-ad-format=\"auto\"\r\n     data-full-width-responsive=\"true\"><\/ins>\r\n<script>\r\n     (adsbygoogle = window.adsbygoogle || []).push({});\r\n<\/script><\/div><\/div>","protected":false},"excerpt":{"rendered":"<p>Kako nam je u dirljivom pismu opisala na\u0161a \u010ditateljica Marija, zet kojeg su ona i suprug primili u svoju ku\u0107u bio je toliko bezobrazan, da su mu morali pokazati vrata. Za njim je oti\u0161la i njihova k\u0107i koja im se vi\u0161e nikad nije javila niti im dovela unu\u010dad.<\/p>\n","protected":false},"author":17,"featured_media":94826,"comment_status":"closed","ping_status":"closed","sticky":false,"template":"","format":"standard","meta":{"footnotes":""},"categories":[3552],"tags":[3600,3437,879,3559],"class_list":["post-94801","post","type-post","status-publish","format-standard","has-post-thumbnail","hentry","category-povjerljivo","tag-majke-i-kceri","tag-obiteljski-odnosi","tag-otudenost","tag-punice-i-zetovi"],"_links":{"self":[{"href":"https:\/\/www.mojevrijeme.hr\/magazin\/wp-json\/wp\/v2\/posts\/94801","targetHints":{"allow":["GET"]}}],"collection":[{"href":"https:\/\/www.mojevrijeme.hr\/magazin\/wp-json\/wp\/v2\/posts"}],"about":[{"href":"https:\/\/www.mojevrijeme.hr\/magazin\/wp-json\/wp\/v2\/types\/post"}],"author":[{"embeddable":true,"href":"https:\/\/www.mojevrijeme.hr\/magazin\/wp-json\/wp\/v2\/users\/17"}],"replies":[{"embeddable":true,"href":"https:\/\/www.mojevrijeme.hr\/magazin\/wp-json\/wp\/v2\/comments?post=94801"}],"version-history":[{"count":0,"href":"https:\/\/www.mojevrijeme.hr\/magazin\/wp-json\/wp\/v2\/posts\/94801\/revisions"}],"wp:featuredmedia":[{"embeddable":true,"href":"https:\/\/www.mojevrijeme.hr\/magazin\/wp-json\/wp\/v2\/media\/94826"}],"wp:attachment":[{"href":"https:\/\/www.mojevrijeme.hr\/magazin\/wp-json\/wp\/v2\/media?parent=94801"}],"wp:term":[{"taxonomy":"category","embeddable":true,"href":"https:\/\/www.mojevrijeme.hr\/magazin\/wp-json\/wp\/v2\/categories?post=94801"},{"taxonomy":"post_tag","embeddable":true,"href":"https:\/\/www.mojevrijeme.hr\/magazin\/wp-json\/wp\/v2\/tags?post=94801"}],"curies":[{"name":"wp","href":"https:\/\/api.w.org\/{rel}","templated":true}]}}