{"id":9488,"date":"2017-05-30T18:29:39","date_gmt":"2017-05-30T16:29:39","guid":{"rendered":"http:\/\/www.mojevrijeme.hr\/magazin\/?p=9488"},"modified":"2017-05-30T18:29:39","modified_gmt":"2017-05-30T16:29:39","slug":"muskarac-47-se-prevarom-docepao-braniteljske-mirovine","status":"publish","type":"post","link":"https:\/\/www.mojevrijeme.hr\/magazin\/2017\/05\/muskarac-47-se-prevarom-docepao-braniteljske-mirovine\/","title":{"rendered":"Mu\u0161karac (47) se prevarom do\u010depao braniteljske mirovine"},"content":{"rendered":"<p>Policijski slu\u017ebenici Slu\u017ebe gospodarskog kriminaliteta dovr\u0161ili su kriminalisti\u010dko istra\u017eivanje nad 47-godi\u0161njakom i 53-godi\u0161njakom, pi\u0161e <a href=\"http:\/\/www.slobodnadalmacija.hr\/dalmacija\/split\/clanak\/id\/488906\/splitska-policija-razotkrila-laznog-ratnog-vojnog-invalida-prevarom-dosao-do-braniteljske-mirovine-ostetio-drzavu-za-750-tisuca-kuna\" target=\"_blank\" rel=\"noopener noreferrer\">Slobodna Dalmacija<\/a>.<\/p>\n<p>Sumnji\u010de se da su od travnja 2006. do velja\u010de 2007. godine izradili lije\u010dni\u010dku i drugu dokumentaciju na ime 47-godi\u0161njaka s kojom je isti pokrenuo postupak za stjecanje statusa hrvatskog branitelja domovinskog rata, te na osnovu takve dokumentacije dobio status nakon \u010dega je ostvario status HRVI-a kao i mirovinu.<\/p>\n<p>Mu\u0161karac (47) se sumnji\u010di da je po\u010dinio kaznena djela prijevare i ovjeravanje neistinitog sadr\u017eaja \u010dime je o\u0161te\u0107en dr\u017eavni prora\u010dun za oko 751 tisu\u0107u kuna, dok se 53-godi\u0161njak sumnji\u010di da je po\u010dinio kazneno djelo pomaganje u prijevari, krivotvorenje isprave i davanje la\u017enog iskaza, pi\u0161e <a href=\"http:\/\/www.slobodnadalmacija.hr\/dalmacija\/split\/clanak\/id\/488906\/splitska-policija-razotkrila-laznog-ratnog-vojnog-invalida-prevarom-dosao-do-braniteljske-mirovine-ostetio-drzavu-za-750-tisuca-kuna\" target=\"_blank\" rel=\"noopener noreferrer\">Slobodna<\/a>.<\/p><div id=\"mojev-1632226525\" class=\"mojev-u-tekstu mojev-entity-placement\" style=\"margin-left: auto;margin-right: auto;text-align: center;\"><div class=\"mojev-adlabel\">oglas<\/div><div style=\"height: 250px;\"><script async src=\"https:\/\/pagead2.googlesyndication.com\/pagead\/js\/adsbygoogle.js?client=ca-pub-8106111766207173\"\r\n     crossorigin=\"anonymous\"><\/script>\r\n<!-- Prikazni 1 u tekstu -->\r\n<ins class=\"adsbygoogle\"\r\n     style=\"display:block\"\r\n     data-ad-client=\"ca-pub-8106111766207173\"\r\n     data-ad-slot=\"8535551207\"\r\n     data-ad-format=\"auto\"\r\n     data-full-width-responsive=\"true\"><\/ins>\r\n<script>\r\n     (adsbygoogle = window.adsbygoogle || []).push({});\r\n<\/script><\/div><\/div><br style=\"clear: both; display: block; float: none;\"\/>\n<div id=\"mojev-1453096367\" class=\"mojev-kraj-teksta mojev-entity-placement\" style=\"margin-bottom: 20px;margin-left: auto;margin-right: auto;text-align: center;\"><div class=\"mojev-adlabel\">oglas<\/div><div style=\"height: 250px;\"><script async src=\"https:\/\/pagead2.googlesyndication.com\/pagead\/js\/adsbygoogle.js?client=ca-pub-8106111766207173\"\r\n     crossorigin=\"anonymous\"><\/script>\r\n<!-- Display-1 -->\r\n<ins class=\"adsbygoogle\"\r\n     style=\"display:block\"\r\n     data-ad-client=\"ca-pub-8106111766207173\"\r\n     data-ad-slot=\"1465712950\"\r\n     data-ad-format=\"auto\"\r\n     data-full-width-responsive=\"true\"><\/ins>\r\n<script>\r\n     (adsbygoogle = window.adsbygoogle || []).push({});\r\n<\/script><\/div><\/div>","protected":false},"excerpt":{"rendered":"<p>Dvojac je izradio lije\u010dni\u010dku i drugu dokumentaciju na ime 47-godi\u0161njaka s kojom je isti pokrenuo postupak za stjecanje statusa hrvatskog branitelja domovinskog rata. Na osnovu takve dokumentacije dobio status nakon \u010dega je ostvario status HRVI-a kao i mirovinu.<\/p>\n","protected":false},"author":1,"featured_media":6044,"comment_status":"closed","ping_status":"open","sticky":false,"template":"","format":"standard","meta":{"footnotes":""},"categories":[9],"tags":[627,934,656],"class_list":["post-9488","post","type-post","status-publish","format-standard","has-post-thumbnail","hentry","category-vijesti","tag-branitelji","tag-povlastene-mirovine","tag-prevare"],"_links":{"self":[{"href":"https:\/\/www.mojevrijeme.hr\/magazin\/wp-json\/wp\/v2\/posts\/9488","targetHints":{"allow":["GET"]}}],"collection":[{"href":"https:\/\/www.mojevrijeme.hr\/magazin\/wp-json\/wp\/v2\/posts"}],"about":[{"href":"https:\/\/www.mojevrijeme.hr\/magazin\/wp-json\/wp\/v2\/types\/post"}],"author":[{"embeddable":true,"href":"https:\/\/www.mojevrijeme.hr\/magazin\/wp-json\/wp\/v2\/users\/1"}],"replies":[{"embeddable":true,"href":"https:\/\/www.mojevrijeme.hr\/magazin\/wp-json\/wp\/v2\/comments?post=9488"}],"version-history":[{"count":0,"href":"https:\/\/www.mojevrijeme.hr\/magazin\/wp-json\/wp\/v2\/posts\/9488\/revisions"}],"wp:featuredmedia":[{"embeddable":true,"href":"https:\/\/www.mojevrijeme.hr\/magazin\/wp-json\/wp\/v2\/media\/6044"}],"wp:attachment":[{"href":"https:\/\/www.mojevrijeme.hr\/magazin\/wp-json\/wp\/v2\/media?parent=9488"}],"wp:term":[{"taxonomy":"category","embeddable":true,"href":"https:\/\/www.mojevrijeme.hr\/magazin\/wp-json\/wp\/v2\/categories?post=9488"},{"taxonomy":"post_tag","embeddable":true,"href":"https:\/\/www.mojevrijeme.hr\/magazin\/wp-json\/wp\/v2\/tags?post=9488"}],"curies":[{"name":"wp","href":"https:\/\/api.w.org\/{rel}","templated":true}]}}