{"id":95006,"date":"2023-12-30T13:52:27","date_gmt":"2023-12-30T12:52:27","guid":{"rendered":"https:\/\/www.mojevrijeme.hr\/magazin\/?p=95006"},"modified":"2023-12-30T14:50:17","modified_gmt":"2023-12-30T13:50:17","slug":"asghar-pobjegao-sam-jer-sam-krscanin-zagreb-me-je-sjajno-prihvatio","status":"publish","type":"post","link":"https:\/\/www.mojevrijeme.hr\/magazin\/2023\/12\/asghar-pobjegao-sam-jer-sam-krscanin-zagreb-me-je-sjajno-prihvatio\/","title":{"rendered":"Asghar: Pobjegao sam jer sam kr\u0161\u0107anin, Zagreb me sjajno prihvatio"},"content":{"rendered":"\n<p><strong>Asghar (38)<\/strong> iz Irana 2016. godine deportiran je u iz Austrije u Hrvatsku koja mu je odobrila me\u0111unarodnu za\u0161titu. \u017divi i radi u Zagrebu i zadovoljan je \u017eivotom. Ka\u017ee, u Iranu ima jo\u0161 oca i dva brata. Kada je do\u0161ao u Hrvatsku, gotovo ni\u0161ta nije znao o na\u0161oj zemlji. &#8220;Jako dobro su me prihvatili u crkvi. Oti\u0161li smo me\u0111u ljude i uspostavili smo dobre odnose. Jako su nas dobro prihvatili kao azilante i strance&#8221;, obja\u0161njava na hrvatskom jeziku koji je u me\u0111uvremenu nau\u010dio.<\/p>\n\n\n\n<p>Naime, Asghar je kr\u0161\u0107anin koji je zbog svoje vjere izbjegao iz Irana. Iza njega su godine u kojima nije mogao vidjeti obitelj, majka mu je u Iranu umrla, no veseli ga jedna stvar \u2013 Hrvatska mu je dopustila da legalno dovede suprugu u Zagreb. &#8220;Hvala Bogu, postupak je trajao vi\u0161e od dvije godine. Po\u0161tovao sam zakon i \u010dekao sam. Mislim da bi se ta procedura mogla olak\u0161ati&#8221;, zaklju\u010duje.<\/p>\n\n\n\n<h3 class=\"wp-block-heading\">Sigurnost za zajednicu i izbjeglice<\/h3>\n\n\n\n<p>U toj opse\u017enoj i dugotrajnoj proceduri spajanja obitelji, uz lokalnu zajednicu, pomagao mu je Hrvatski pravni centar (HPC) nevladina organizacija koja je u 2022. i 2023. godini provodila projekt COMP4SEE Komplementarni putovi za pristup me\u0111unarodnoj za\u0161titi u Jugoisto\u010dnoj Europi.<\/p><div id=\"mojev-2837675687\" class=\"mojev-u-tekstu mojev-entity-placement\" style=\"margin-left: auto;margin-right: auto;text-align: center;\"><div class=\"mojev-adlabel\">oglas<\/div><div style=\"height: 250px;\"><script async src=\"https:\/\/pagead2.googlesyndication.com\/pagead\/js\/adsbygoogle.js?client=ca-pub-8106111766207173\"\r\n     crossorigin=\"anonymous\"><\/script>\r\n<!-- Prikazni 1 u tekstu -->\r\n<ins class=\"adsbygoogle\"\r\n     style=\"display:block\"\r\n     data-ad-client=\"ca-pub-8106111766207173\"\r\n     data-ad-slot=\"8535551207\"\r\n     data-ad-format=\"auto\"\r\n     data-full-width-responsive=\"true\"><\/ins>\r\n<script>\r\n     (adsbygoogle = window.adsbygoogle || []).push({});\r\n<\/script><\/div><\/div><br style=\"clear: both; display: block; float: none;\"\/>\n\n\n\n<p>&#8220;Komplementarni putevi su zapravo dodatni putevi dolaska u sigurnost izbjeglica koje svaka dr\u017eava odlu\u010duje i odre\u0111uje za sebe, a zapravo omogu\u0107uju da izbjeglice do\u0111u u zemlju i dobiju uto\u010di\u0161te bez da moraju prelaziti taj neregularni put koji je \u010desto opasan, a s druge strane uklju\u010duje i neregularne prelaske dr\u017eavne granice. Komplementarni putevi su razli\u010diti, regulirani i sigurni te na neki na\u010din nadopunjuju migracijsku politiku svake dr\u017eave. Primjerice, jedan od oblika komplementarnih puteva su programi sponzorstva&#8221;, obja\u0161njava predsjednica HPC-a <strong>dr. sc. Goranka Lali\u0107 Novak<\/strong>.<\/p>\n\n\n\n<figure class=\"wp-block-image size-large\"><img loading=\"lazy\" decoding=\"async\" width=\"740\" height=\"444\" src=\"https:\/\/www.mojevrijeme.hr\/magazin\/wp-content\/uploads\/2023\/12\/goranka-lalic-novak-740x444.jpg\" alt=\"\" class=\"wp-image-95009\" srcset=\"https:\/\/www.mojevrijeme.hr\/magazin\/wp-content\/uploads\/2023\/12\/goranka-lalic-novak-740x444.jpg 740w, https:\/\/www.mojevrijeme.hr\/magazin\/wp-content\/uploads\/2023\/12\/goranka-lalic-novak-636x382.jpg 636w, https:\/\/www.mojevrijeme.hr\/magazin\/wp-content\/uploads\/2023\/12\/goranka-lalic-novak-768x461.jpg 768w, https:\/\/www.mojevrijeme.hr\/magazin\/wp-content\/uploads\/2023\/12\/goranka-lalic-novak-1536x922.jpg 1536w, https:\/\/www.mojevrijeme.hr\/magazin\/wp-content\/uploads\/2023\/12\/goranka-lalic-novak-1500x900.jpg 1500w, https:\/\/www.mojevrijeme.hr\/magazin\/wp-content\/uploads\/2023\/12\/goranka-lalic-novak-1600x960.jpg 1600w, https:\/\/www.mojevrijeme.hr\/magazin\/wp-content\/uploads\/2023\/12\/goranka-lalic-novak-590x354.jpg 590w, https:\/\/www.mojevrijeme.hr\/magazin\/wp-content\/uploads\/2023\/12\/goranka-lalic-novak-400x240.jpg 400w, https:\/\/www.mojevrijeme.hr\/magazin\/wp-content\/uploads\/2023\/12\/goranka-lalic-novak.jpg 2000w\" sizes=\"auto, (max-width: 740px) 100vw, 740px\" \/><figcaption class=\"wp-element-caption\">Goranka Lali\u0107 Novak, predsjednica Hrvatskog pravnog centra (foto: Sini\u0161a Bogdani\u0107\/HPC)<\/figcaption><\/figure>\n\n\n\n<p>&#8220;Sponzorstvo zna\u010di da pojedinci ili skupina pojedinaca, dakle privatnih osoba, na sebe preuzima dio odgovornosti koja je ina\u010de na dr\u017eavi, a kako bi omogu\u0107ili dolazak izbjeglica u svoju dr\u017eavu i pomogli im u integraciji. To zna\u010di da \u0107e te osobe ili skupina osoba preuzeti na sebe odgovornost da pru\u017ee potporu pri dolasku u Hrvatsku\u00a0 i pronala\u017eenju stana, pru\u017eiti potporu u svakodnevnim administrativnim poslovima, u u\u010denju jezika, pronala\u017eenju posla nekoj izbjeglici&#8221;, navodi voditeljica projekta <strong>Ana Martini\u0107<\/strong> i dodaje: &#8220;Pri tome zajednica ima ve\u0107i osje\u0107aj odgovornosti i ima ve\u0107i osje\u0107aj kontrole nad samom tom situacijom i dolaskom osoba drugih nacionalnosti u svoje zajednice.&#8221;\u00a0 Izbjeglice se na ovaj na\u010din br\u017ee, uspje\u0161nije i dublje integriraju u novo dru\u0161tvo, pri \u010demu same postaju vrijednost zajednici koja ih je prihvatila.<\/p>\n\n\n\n<h3 class=\"wp-block-heading\">Spajanje obitelji puno je prepreka<\/h3>\n\n\n\n<p>Projekt COMP4SEE posebno se bavio spajanjem obitelji. Kako ka\u017ee HPC-ova voditeljica programa za unapre\u0111enje sustava azila RH, <strong>Lana Tu\u010dkori\u0107<\/strong>, spajanje obitelji je postupak kojim se \u010dlanovima obitelji koji se nalaze u nekoj tre\u0107oj zemlji odobrava boravak, a onda i ulazak u zemlju odredi\u0161ta gdje je njihovom \u010dlanu obitelji &#8211; izbjeglici &#8211; ve\u0107 odobren status.<\/p>\n\n\n\n<figure class=\"wp-block-image size-large\"><img loading=\"lazy\" decoding=\"async\" width=\"740\" height=\"444\" src=\"https:\/\/www.mojevrijeme.hr\/magazin\/wp-content\/uploads\/2023\/12\/lana-tuckoric-740x444.jpg\" alt=\"\" class=\"wp-image-95010\" srcset=\"https:\/\/www.mojevrijeme.hr\/magazin\/wp-content\/uploads\/2023\/12\/lana-tuckoric-740x444.jpg 740w, https:\/\/www.mojevrijeme.hr\/magazin\/wp-content\/uploads\/2023\/12\/lana-tuckoric-636x382.jpg 636w, https:\/\/www.mojevrijeme.hr\/magazin\/wp-content\/uploads\/2023\/12\/lana-tuckoric-768x461.jpg 768w, https:\/\/www.mojevrijeme.hr\/magazin\/wp-content\/uploads\/2023\/12\/lana-tuckoric-1536x922.jpg 1536w, https:\/\/www.mojevrijeme.hr\/magazin\/wp-content\/uploads\/2023\/12\/lana-tuckoric-1500x900.jpg 1500w, https:\/\/www.mojevrijeme.hr\/magazin\/wp-content\/uploads\/2023\/12\/lana-tuckoric-1600x960.jpg 1600w, https:\/\/www.mojevrijeme.hr\/magazin\/wp-content\/uploads\/2023\/12\/lana-tuckoric-590x354.jpg 590w, https:\/\/www.mojevrijeme.hr\/magazin\/wp-content\/uploads\/2023\/12\/lana-tuckoric-400x240.jpg 400w, https:\/\/www.mojevrijeme.hr\/magazin\/wp-content\/uploads\/2023\/12\/lana-tuckoric.jpg 2000w\" sizes=\"auto, (max-width: 740px) 100vw, 740px\" \/><figcaption class=\"wp-element-caption\">lana Tu\u010dkori\u0107, voditeljica programa za unapre\u0111enje sustava azila RH (foto: Sini\u0161a Bogdani\u0107\/HPC)<\/figcaption><\/figure>\n\n\n\n<p>&#8220;I taj postupak je zapravo va\u017ean za izbjegli\u010dke obitelji jer su neke od njih godinama razdvojene i to je jedini na\u010din da one ponovno \u017eive zajedno. Me\u0111utim, taj postupak je prepun izazova i nije ba\u0161 jednostavan, tako da se oni na tom putu susre\u0107u s brojnim preprekama&#8221;, ka\u017ee Tu\u010dkori\u0107, a kao neke od prepreka navodi skupo\u0107u postupka, slo\u017eene birokratske procedure, vrlo usko poimanje obitelji i sporost mehanizma na koju ukazuje i na\u0161 novi sugra\u0111anin Asghar.<\/p>\n\n\n\n<h3 class=\"wp-block-heading\">Rje\u0161enja postoje<\/h3>\n\n\n\n<p>Zbog toga je projekt COMP4SEE istra\u017eio dobre prakse u Europi, analizirao nacionalni i prakti\u010dni kontekst spajanja obitelji i sponzorskih shema te istra\u017eio stavove potencijalnih sponzora i drugih dionika. Iz projekta je iza\u0161ao cijeli niz preporuka za uspostavu novih modela i programa privatnog sponzorstva prilago\u0111enih okolnostima i potrebama u Bugarskoj, Hrvatskoj i Sloveniji, a izra\u0111ene su i preporuke za pobolj\u0161anje nacionalnih sustava spajanja obitelji. Odr\u017eani su stru\u010dni sastanci, okrugli stolovi i zavr\u0161na me\u0111unarodna konferencija u Zagrebu.<\/p>\n\n\n\n<figure class=\"wp-block-image size-large\"><img loading=\"lazy\" decoding=\"async\" width=\"740\" height=\"444\" src=\"https:\/\/www.mojevrijeme.hr\/magazin\/wp-content\/uploads\/2023\/12\/ana-martinic-740x444.jpg\" alt=\"\" class=\"wp-image-95011\" srcset=\"https:\/\/www.mojevrijeme.hr\/magazin\/wp-content\/uploads\/2023\/12\/ana-martinic-740x444.jpg 740w, https:\/\/www.mojevrijeme.hr\/magazin\/wp-content\/uploads\/2023\/12\/ana-martinic-636x382.jpg 636w, https:\/\/www.mojevrijeme.hr\/magazin\/wp-content\/uploads\/2023\/12\/ana-martinic-768x461.jpg 768w, https:\/\/www.mojevrijeme.hr\/magazin\/wp-content\/uploads\/2023\/12\/ana-martinic-1536x922.jpg 1536w, https:\/\/www.mojevrijeme.hr\/magazin\/wp-content\/uploads\/2023\/12\/ana-martinic-1500x900.jpg 1500w, https:\/\/www.mojevrijeme.hr\/magazin\/wp-content\/uploads\/2023\/12\/ana-martinic-1600x960.jpg 1600w, https:\/\/www.mojevrijeme.hr\/magazin\/wp-content\/uploads\/2023\/12\/ana-martinic-590x354.jpg 590w, https:\/\/www.mojevrijeme.hr\/magazin\/wp-content\/uploads\/2023\/12\/ana-martinic-400x240.jpg 400w, https:\/\/www.mojevrijeme.hr\/magazin\/wp-content\/uploads\/2023\/12\/ana-martinic.jpg 2000w\" sizes=\"auto, (max-width: 740px) 100vw, 740px\" \/><figcaption class=\"wp-element-caption\">Ana Martini\u0107, voditeljica projekta COMP4SEE (foto: Sini\u0161a Bogdani\u0107\/HPC)<\/figcaption><\/figure>\n\n\n\n<p>Projekt COMP4SEE sufinanciran je sredstvima Fonda za azil, migracije i integraciju Europske unije te Ured za udruge Vlade RH. Partneri na ovom transnacionalnom projektu su Mirovni institut i Pravni centar za za\u0161titu ljudskih prava i okoli\u0161a iz Slovenije te Zaklada za pristup pravima iz Bugarske.<\/p>\n<div id=\"mojev-3889973359\" class=\"mojev-kraj-teksta mojev-entity-placement\" style=\"margin-bottom: 20px;margin-left: auto;margin-right: auto;text-align: center;\"><div class=\"mojev-adlabel\">oglas<\/div><div style=\"height: 250px;\"><script async src=\"https:\/\/pagead2.googlesyndication.com\/pagead\/js\/adsbygoogle.js?client=ca-pub-8106111766207173\"\r\n     crossorigin=\"anonymous\"><\/script>\r\n<!-- Display-1 -->\r\n<ins class=\"adsbygoogle\"\r\n     style=\"display:block\"\r\n     data-ad-client=\"ca-pub-8106111766207173\"\r\n     data-ad-slot=\"1465712950\"\r\n     data-ad-format=\"auto\"\r\n     data-full-width-responsive=\"true\"><\/ins>\r\n<script>\r\n     (adsbygoogle = window.adsbygoogle || []).push({});\r\n<\/script><\/div><\/div>","protected":false},"excerpt":{"rendered":"<p>Asghar je jedan od novijih stanovnika Zagreba koji je iz rodnog Irana pobjegao zbog vjerskog progona. Ka\u017ee, hrvatski glavni grad ga je prihvatio i do\u010dekao otvorenih ruku, a kona\u010dno mu se pridru\u017eila i supruga.<\/p>\n","protected":false},"author":1,"featured_media":95008,"comment_status":"closed","ping_status":"closed","sticky":false,"template":"","format":"standard","meta":{"footnotes":""},"categories":[9],"tags":[903,589],"class_list":["post-95006","post","type-post","status-publish","format-standard","has-post-thumbnail","hentry","category-vijesti","tag-hrvatski-pravni-centar","tag-izbjeglice"],"_links":{"self":[{"href":"https:\/\/www.mojevrijeme.hr\/magazin\/wp-json\/wp\/v2\/posts\/95006","targetHints":{"allow":["GET"]}}],"collection":[{"href":"https:\/\/www.mojevrijeme.hr\/magazin\/wp-json\/wp\/v2\/posts"}],"about":[{"href":"https:\/\/www.mojevrijeme.hr\/magazin\/wp-json\/wp\/v2\/types\/post"}],"author":[{"embeddable":true,"href":"https:\/\/www.mojevrijeme.hr\/magazin\/wp-json\/wp\/v2\/users\/1"}],"replies":[{"embeddable":true,"href":"https:\/\/www.mojevrijeme.hr\/magazin\/wp-json\/wp\/v2\/comments?post=95006"}],"version-history":[{"count":0,"href":"https:\/\/www.mojevrijeme.hr\/magazin\/wp-json\/wp\/v2\/posts\/95006\/revisions"}],"wp:featuredmedia":[{"embeddable":true,"href":"https:\/\/www.mojevrijeme.hr\/magazin\/wp-json\/wp\/v2\/media\/95008"}],"wp:attachment":[{"href":"https:\/\/www.mojevrijeme.hr\/magazin\/wp-json\/wp\/v2\/media?parent=95006"}],"wp:term":[{"taxonomy":"category","embeddable":true,"href":"https:\/\/www.mojevrijeme.hr\/magazin\/wp-json\/wp\/v2\/categories?post=95006"},{"taxonomy":"post_tag","embeddable":true,"href":"https:\/\/www.mojevrijeme.hr\/magazin\/wp-json\/wp\/v2\/tags?post=95006"}],"curies":[{"name":"wp","href":"https:\/\/api.w.org\/{rel}","templated":true}]}}