{"id":95274,"date":"2024-01-03T18:41:50","date_gmt":"2024-01-03T17:41:50","guid":{"rendered":"https:\/\/www.mojevrijeme.hr\/magazin\/?p=95274"},"modified":"2024-01-03T18:42:32","modified_gmt":"2024-01-03T17:42:32","slug":"u-mjesec-dana-umrlo-je-gotovo-200-osoba-zarazenih-koronavirusom","status":"publish","type":"post","link":"https:\/\/www.mojevrijeme.hr\/magazin\/2024\/01\/u-mjesec-dana-umrlo-je-gotovo-200-osoba-zarazenih-koronavirusom\/","title":{"rendered":"U mjesec dana umrlo je gotovo 200 osoba zara\u017eenih koronavirusom"},"content":{"rendered":"\n<p>U Hrvatskom zavodu za javno zdravstvo (HZJZ) ka\u017eu da se vi\u0161e od \u010detiri tisu\u0107e novooboljelih od COVID-a tjedno prijavi u registar zaraznih bolesti. U posljednjih mjesec dana evidentirano je 188 umrlih od koronavirusa i s koronavirusom, podaci su koje je objavila <a href=\"https:\/\/vijesti.hrt.hr\/hrvatska\/zbog-respiratornih-infekcija-guzve-na-hitnim-prijemima-11256177\" target=\"_blank\" rel=\"noreferrer noopener\">javna televizija<\/a>.<\/p>\n\n\n\n<p>I broj je slu\u010dajeva gripe u porastu, do sada je evidentirano 858 oboljelih, najvi\u0161e me\u0111u djecom pred\u0161kolske dobi.<\/p>\n\n\n\n<p>\u0160to se ti\u010de hripavca, do sada je prijavljen 4151 slu\u010daj. Me\u0111u zagreba\u010dkim je tinejd\u017eerima oko 41 posto od ukupnog broja slu\u010dajeva. Slijede Splitsko-dalmatinska \u017eupanija s 21 posto, Zagreba\u010dka \u017eupanija s devet posto i Primorsko-goranska \u017eupanija sa \u0161est posto. U HZJZ-u navode i da je zbog postoje\u0107e situacije pove\u0107an interes za cijepljenje protiv hripavca.<\/p><div id=\"mojev-2992832381\" class=\"mojev-u-tekstu mojev-entity-placement\" style=\"margin-left: auto;margin-right: auto;text-align: center;\"><div class=\"mojev-adlabel\">oglas<\/div><div style=\"height: 250px;\"><script async src=\"https:\/\/pagead2.googlesyndication.com\/pagead\/js\/adsbygoogle.js?client=ca-pub-8106111766207173\"\r\n     crossorigin=\"anonymous\"><\/script>\r\n<!-- Prikazni 1 u tekstu -->\r\n<ins class=\"adsbygoogle\"\r\n     style=\"display:block\"\r\n     data-ad-client=\"ca-pub-8106111766207173\"\r\n     data-ad-slot=\"8535551207\"\r\n     data-ad-format=\"auto\"\r\n     data-full-width-responsive=\"true\"><\/ins>\r\n<script>\r\n     (adsbygoogle = window.adsbygoogle || []).push({});\r\n<\/script><\/div><\/div><br style=\"clear: both; display: block; float: none;\"\/>\n\n\n\n<p>Tijekom bo\u017ei\u0107nih blagdana hitni odjeli u bolnicama, posebno pedijatrijski, bili su zagu\u0161eni pacijentima, potvrdio je Hini predstojnik Klinike za infektivne bolesti<strong>&nbsp;Ivan Puljiz<\/strong>.<\/p>\n\n\n\n<p>Puljiz ka\u017ee da na Zaraznoj pregledaju dnevno i do 250 pacijenata s respiratornim infekcijama. Hripavac je prisutan najvi\u0161e kod djece, a s COVID-om i gripom dnevno se hospitalizira dvadesetak novih pacijenata, ve\u0107inom starije dobi i kroni\u010dnih bolesnika. Najve\u0107i broj pacijenata ipak se lije\u010di preko dnevne bolnice. Iako su \u010dekaonice pune, hitni pacijenti ne \u010dekaju, isti\u010de Puljiz.<a href=\"https:\/\/vijesti.hrt.hr\/hrvatska\/u-zagrebu-raste-broj-oboljelih-od-gripe-11237905\"><\/a><\/p>\n\n\n\n<p>Sli\u010dna je situacija i na Hitnom prijmu KBC-a Zagreb, potvrdio je pro\u010delnik&nbsp;<strong>Ivan Gornik<\/strong>. \u010cekanje, ka\u017ee, ovisi o dobu dana. Ponekad se \u010deka dulje, ali to nije pravilo. U proteklih deset dana hospitalizirali su oko sto pacijenata s respiratornim infekcijama, a trenuta\u010dno ih 12 \u010deka na krevet, ve\u0107inom s komplikacijama gripe i COVID-a.<\/p>\n\n\n\n<p>Izniman je pritisak i na Hitnom prijmu Klinike za dje\u010dje bolesti, najvi\u0161e zbog gripe i respiratornog sincicijskog virusa, te i dalje ima mnogo djece s hripavcem, ka\u017ee ravnatelj<strong>&nbsp;Goran Roi\u0107<\/strong>.<\/p>\n\n\n\n<p><a href=\"https:\/\/vijesti.hrt.hr\/hrvatska\/dr-drenjancevic-ogranicenje-posjeta-ima-za-cilj-sprjecavanje-sirenja-virusa-unutar-zdravstvenih-ustanova-11255924\"><\/a><\/p>\n<div id=\"mojev-1930839128\" class=\"mojev-kraj-teksta mojev-entity-placement\" style=\"margin-bottom: 20px;margin-left: auto;margin-right: auto;text-align: center;\"><div class=\"mojev-adlabel\">oglas<\/div><div style=\"height: 250px;\"><script async src=\"https:\/\/pagead2.googlesyndication.com\/pagead\/js\/adsbygoogle.js?client=ca-pub-8106111766207173\"\r\n     crossorigin=\"anonymous\"><\/script>\r\n<!-- Display-1 -->\r\n<ins class=\"adsbygoogle\"\r\n     style=\"display:block\"\r\n     data-ad-client=\"ca-pub-8106111766207173\"\r\n     data-ad-slot=\"1465712950\"\r\n     data-ad-format=\"auto\"\r\n     data-full-width-responsive=\"true\"><\/ins>\r\n<script>\r\n     (adsbygoogle = window.adsbygoogle || []).push({});\r\n<\/script><\/div><\/div>","protected":false},"excerpt":{"rendered":"<p>Paralelno s tim, bilje\u017ei se i zna\u010dajan porast slu\u010dajeva gripe, s 858 evidentiranih oboljelih, najvi\u0161e me\u0111u djecom pred\u0161kolske dobi. Hripavac tako\u0111er divlja s 4151 prijavljenim slu\u010dajem, a posebno je izra\u017een me\u0111u tinejd\u017eerima u Zagrebu. <\/p>\n","protected":false},"author":1,"featured_media":42356,"comment_status":"closed","ping_status":"closed","sticky":false,"template":"","format":"standard","meta":{"footnotes":""},"categories":[9],"tags":[2430,2046],"class_list":["post-95274","post","type-post","status-publish","format-standard","has-post-thumbnail","hentry","category-vijesti","tag-covid-19","tag-korona-virus"],"_links":{"self":[{"href":"https:\/\/www.mojevrijeme.hr\/magazin\/wp-json\/wp\/v2\/posts\/95274","targetHints":{"allow":["GET"]}}],"collection":[{"href":"https:\/\/www.mojevrijeme.hr\/magazin\/wp-json\/wp\/v2\/posts"}],"about":[{"href":"https:\/\/www.mojevrijeme.hr\/magazin\/wp-json\/wp\/v2\/types\/post"}],"author":[{"embeddable":true,"href":"https:\/\/www.mojevrijeme.hr\/magazin\/wp-json\/wp\/v2\/users\/1"}],"replies":[{"embeddable":true,"href":"https:\/\/www.mojevrijeme.hr\/magazin\/wp-json\/wp\/v2\/comments?post=95274"}],"version-history":[{"count":0,"href":"https:\/\/www.mojevrijeme.hr\/magazin\/wp-json\/wp\/v2\/posts\/95274\/revisions"}],"wp:featuredmedia":[{"embeddable":true,"href":"https:\/\/www.mojevrijeme.hr\/magazin\/wp-json\/wp\/v2\/media\/42356"}],"wp:attachment":[{"href":"https:\/\/www.mojevrijeme.hr\/magazin\/wp-json\/wp\/v2\/media?parent=95274"}],"wp:term":[{"taxonomy":"category","embeddable":true,"href":"https:\/\/www.mojevrijeme.hr\/magazin\/wp-json\/wp\/v2\/categories?post=95274"},{"taxonomy":"post_tag","embeddable":true,"href":"https:\/\/www.mojevrijeme.hr\/magazin\/wp-json\/wp\/v2\/tags?post=95274"}],"curies":[{"name":"wp","href":"https:\/\/api.w.org\/{rel}","templated":true}]}}