{"id":95581,"date":"2024-01-08T14:19:21","date_gmt":"2024-01-08T13:19:21","guid":{"rendered":"https:\/\/www.mojevrijeme.hr\/magazin\/?p=95581"},"modified":"2024-01-08T14:20:00","modified_gmt":"2024-01-08T13:20:00","slug":"njemacka-uvodi-zmigavce-na-biciklima-hoce-li-je-pratiti-ostatak-eu","status":"publish","type":"post","link":"https:\/\/www.mojevrijeme.hr\/magazin\/2024\/01\/njemacka-uvodi-zmigavce-na-biciklima-hoce-li-je-pratiti-ostatak-eu\/","title":{"rendered":"Njema\u010dka uvodi \u017emigavce na biciklima, ho\u0107e li je pratiti ostatak EU?"},"content":{"rendered":"\n<p>U Njema\u010dkoj je biciklist du\u017ean rukom dati znak kada skre\u0107e, a upravo je u tome problem \u2013 posebno kod bicikala koji su podr\u017eani elektri\u010dnim motorom pa jure i po 45 kilometara na sat.<\/p>\n\n\n\n<p>Tako u Ministarstvu prometa komentiraju vijest da \u0107e uskoro \u017emigavci biti dopu\u0161teni na svim tipovima bicikala, i na onima s motorom i na onima bez. Pravilo bi trebalo uskoro biti uvedeno, potvr\u0111uje Ministarstvo, ali ne\u0107e biti obveze kori\u0161tenja \u017emigavca nego \u0107e svatko mo\u0107i odlu\u010diti sam \u017eeli li ih koristiti ili ne, javlja <a href=\"https:\/\/www.dw.com\/hr\/njema%C4%8Dka-uskoro-%C5%BEmigavci-i-na-biciklima\/a-67913113\" target=\"_blank\" rel=\"noreferrer noopener\">DW<\/a>.<\/p>\n\n\n\n<p>Kako poja\u0161njavaju, posebno pri ve\u0107im brzinama podizanje jedne ruke s upravlja\u010da bicikla mo\u017ee uzrokovati nestabilnost. Prema posljednjim dostupnim podacima, u 2022. godini su u Njema\u010dkoj \u017eivot izgubila 474 biciklista.<\/p><div id=\"mojev-1346443331\" class=\"mojev-u-tekstu mojev-entity-placement\" style=\"margin-left: auto;margin-right: auto;text-align: center;\"><div class=\"mojev-adlabel\">oglas<\/div><div style=\"height: 250px;\"><script async src=\"https:\/\/pagead2.googlesyndication.com\/pagead\/js\/adsbygoogle.js?client=ca-pub-8106111766207173\"\r\n     crossorigin=\"anonymous\"><\/script>\r\n<!-- Prikazni 1 u tekstu -->\r\n<ins class=\"adsbygoogle\"\r\n     style=\"display:block\"\r\n     data-ad-client=\"ca-pub-8106111766207173\"\r\n     data-ad-slot=\"8535551207\"\r\n     data-ad-format=\"auto\"\r\n     data-full-width-responsive=\"true\"><\/ins>\r\n<script>\r\n     (adsbygoogle = window.adsbygoogle || []).push({});\r\n<\/script><\/div><\/div><br style=\"clear: both; display: block; float: none;\"\/>\n\n\n\n<h3 class=\"wp-block-heading\">Potrebno posebno po mraku<\/h3>\n\n\n\n<p>Trenuta\u010dno su \u017emigavci dozvoljeni samo na triciklima ili \u0161irokim teretnim biciklima. Dozvoljeni su i na onima koji podsje\u0107aju na rik\u0161e, to jest \u010dija je konstrukcija takva da mo\u017ee zakloniti ruku biciklista kada njome daje znak za skretanje.<\/p>\n\n\n\n<p>U Op\u0107em njema\u010dkom biciklisti\u010dkom klubu (ADFC) pozdravljaju novo pravilo. Njihov pravni stru\u010dnjak Roland Huhn rekao je da su elektronski pokaziva\u010di skretanja daleko uo\u010dljiviji od ruke, pogotovo u mraku. On je dodao da ruke \u010desto pri skretanju u stvari trebaju biti na ko\u010dnici. Huhn ka\u017ee da do nesre\u0107a naj\u010de\u0161\u0107e dolazi kad bicikli skre\u0107u ulijevo.<\/p>\n\n\n\n<h3 class=\"wp-block-heading\">Nedavanje znaka ko\u0161ta deset eura<\/h3>\n\n\n\n<p>Prema njema\u010dkom zakonu nedavanje znaka za skretanje rukom smatra se prekr\u0161ajem. Kazna je dodu\u0161e bagatelna \u2013 deset eura. A ako do\u0111e do nesre\u0107e, za nedavanje znaka rukom pla\u0107a se svega 35 eura.<\/p>\n\n\n\n<p>U prodaji ima mnogo varijanti \u017emigavaca za bicikl, a ko\u0161taju od petnaestak eura navi\u0161e. Obi\u010dno se pokaziva\u010di smjera skretanja montiraju iza sjedala, a mala kontrolna plo\u010da koja je s njima povezana na upravalja\u010d.<\/p>\n<div id=\"mojev-2747379677\" class=\"mojev-kraj-teksta mojev-entity-placement\" style=\"margin-bottom: 20px;margin-left: auto;margin-right: auto;text-align: center;\"><div class=\"mojev-adlabel\">oglas<\/div><div style=\"height: 250px;\"><script async src=\"https:\/\/pagead2.googlesyndication.com\/pagead\/js\/adsbygoogle.js?client=ca-pub-8106111766207173\"\r\n     crossorigin=\"anonymous\"><\/script>\r\n<!-- Display-1 -->\r\n<ins class=\"adsbygoogle\"\r\n     style=\"display:block\"\r\n     data-ad-client=\"ca-pub-8106111766207173\"\r\n     data-ad-slot=\"1465712950\"\r\n     data-ad-format=\"auto\"\r\n     data-full-width-responsive=\"true\"><\/ins>\r\n<script>\r\n     (adsbygoogle = window.adsbygoogle || []).push({});\r\n<\/script><\/div><\/div>","protected":false},"excerpt":{"rendered":"<p>U prodaji ima mnogo varijanti \u017emigavaca za bicikl, a ko\u0161taju od petnaestak eura navi\u0161e. Obi\u010dno se pokaziva\u010di smjera skretanja montiraju iza sjedala, a mala kontrolna plo\u010da koja je s njima povezana na upravalja\u010d.<\/p>\n","protected":false},"author":1,"featured_media":95582,"comment_status":"closed","ping_status":"closed","sticky":false,"template":"","format":"standard","meta":{"footnotes":""},"categories":[9],"tags":[2199,127,610],"class_list":["post-95581","post","type-post","status-publish","format-standard","has-post-thumbnail","hentry","category-vijesti","tag-biciklizam","tag-njemacka","tag-promet"],"_links":{"self":[{"href":"https:\/\/www.mojevrijeme.hr\/magazin\/wp-json\/wp\/v2\/posts\/95581","targetHints":{"allow":["GET"]}}],"collection":[{"href":"https:\/\/www.mojevrijeme.hr\/magazin\/wp-json\/wp\/v2\/posts"}],"about":[{"href":"https:\/\/www.mojevrijeme.hr\/magazin\/wp-json\/wp\/v2\/types\/post"}],"author":[{"embeddable":true,"href":"https:\/\/www.mojevrijeme.hr\/magazin\/wp-json\/wp\/v2\/users\/1"}],"replies":[{"embeddable":true,"href":"https:\/\/www.mojevrijeme.hr\/magazin\/wp-json\/wp\/v2\/comments?post=95581"}],"version-history":[{"count":0,"href":"https:\/\/www.mojevrijeme.hr\/magazin\/wp-json\/wp\/v2\/posts\/95581\/revisions"}],"wp:featuredmedia":[{"embeddable":true,"href":"https:\/\/www.mojevrijeme.hr\/magazin\/wp-json\/wp\/v2\/media\/95582"}],"wp:attachment":[{"href":"https:\/\/www.mojevrijeme.hr\/magazin\/wp-json\/wp\/v2\/media?parent=95581"}],"wp:term":[{"taxonomy":"category","embeddable":true,"href":"https:\/\/www.mojevrijeme.hr\/magazin\/wp-json\/wp\/v2\/categories?post=95581"},{"taxonomy":"post_tag","embeddable":true,"href":"https:\/\/www.mojevrijeme.hr\/magazin\/wp-json\/wp\/v2\/tags?post=95581"}],"curies":[{"name":"wp","href":"https:\/\/api.w.org\/{rel}","templated":true}]}}