{"id":96286,"date":"2023-09-12T13:43:00","date_gmt":"2023-09-12T11:43:00","guid":{"rendered":"https:\/\/www.mojevrijeme.hr\/magazin\/?p=96286"},"modified":"2024-01-17T13:46:15","modified_gmt":"2024-01-17T12:46:15","slug":"hpc-pruza-besplatnu-pravnu-pomoc-djeci-bez-pratnje-i-posebnim-skrbnicima","status":"publish","type":"post","link":"https:\/\/www.mojevrijeme.hr\/magazin\/2023\/09\/hpc-pruza-besplatnu-pravnu-pomoc-djeci-bez-pratnje-i-posebnim-skrbnicima\/","title":{"rendered":"HPC pru\u017ea besplatnu pravnu pomo\u0107 djeci bez pratnje i posebnim skrbnicima"},"content":{"rendered":"\n<p>Hrvatski pravni centar pru\u017ea besplatnu pravnu pomo\u0107 sukladno odredbama Zakona o besplatnoj pravnoj pomo\u0107i. Ova pomo\u0107 obuhva\u0107a pru\u017eanje pravnih savjeta i op\u0107ih pravnih informacija ali ne uklju\u010duje zastupanje pred sudom. HPC pru\u017ea besplatnu pravnu pomo\u0107 i djeci bez pratnje i njihovim skrbnicima.<\/p>\n\n\n\n<p>Dijete bez pratnje je dr\u017eavljanin tre\u0107e zemlje ili osoba bez dr\u017eavljanstva mla\u0111a od 18 godina koja je u\u0161la u Hrvatsku bez pratnje odrasle osobe odgovorne za njega u smislu roditeljske skrbi sukladno hrvatskom zakonodavstvu, a to uklju\u010duje i djecu koja su ostala bez pratnje nakon \u0161to su u\u0161la u Hrvatsku.<\/p>\n\n\n\n<p>Takva djeca pripadaju skupini izrazito ranjivih osoba &#8211; ne razumiju hrvatski jezik niti poznaju hrvatski pravni sustav, nepovjerljivi su prema tijelima vlasti zbog trauma i proganjanja koja su pre\u017eivjeli, proganjani su i neza\u0161ti\u0107eni od strane svoje dr\u017eave, prisiljeni su na bijeg, prepla\u0161eni, izgubljeni, nesigurni, gladni i nevidljivi, a \u010desto napu\u0161taju svoje zemlje zbog rata ili proganjanja.<\/p><div id=\"mojev-3254225871\" class=\"mojev-u-tekstu mojev-entity-placement\" style=\"margin-left: auto;margin-right: auto;text-align: center;\"><div class=\"mojev-adlabel\">oglas<\/div><div style=\"height: 250px;\"><script async src=\"https:\/\/pagead2.googlesyndication.com\/pagead\/js\/adsbygoogle.js?client=ca-pub-8106111766207173\"\r\n     crossorigin=\"anonymous\"><\/script>\r\n<!-- Prikazni 1 u tekstu -->\r\n<ins class=\"adsbygoogle\"\r\n     style=\"display:block\"\r\n     data-ad-client=\"ca-pub-8106111766207173\"\r\n     data-ad-slot=\"8535551207\"\r\n     data-ad-format=\"auto\"\r\n     data-full-width-responsive=\"true\"><\/ins>\r\n<script>\r\n     (adsbygoogle = window.adsbygoogle || []).push({});\r\n<\/script><\/div><\/div><br style=\"clear: both; display: block; float: none;\"\/>\n\n\n\n<p>HPC pru\u017ea pravnu pomo\u0107 djeci bez pratnje i imenovanim posebnim skrbnicima na na\u010din da im pravnice\/i HPC-a daju pravne savjete kako ostvariti zakonom zajam\u010dena prava djeci bez pratnje te na koji na\u010din je potrebno postupati prema djeci bez pratnje kako bi se najbolje i najbr\u017ee za\u0161titila njihova prava i interesi. Vi\u0161e o besplatnoj pravnoj pomo\u0107i potra\u017eite u prilo\u017eenom videu.<\/p>\n\n\n\n<iframe loading=\"lazy\" src=\"https:\/\/www.facebook.com\/plugins\/video.php?href=https%3A%2F%2Fwww.facebook.com%2Fmojevrijeme.hr%2Fvideos%2F567720818890802%2F&#038;width=740&#038;show_text=false&#038;appId=702830876459350&#038;height=413\" width=\"740\" height=\"413\" style=\"border:none;overflow:hidden\" scrolling=\"no\" frameborder=\"0\" allowfullscreen=\"true\" allow=\"autoplay; clipboard-write; encrypted-media; picture-in-picture; web-share\" allowFullScreen=\"true\"><\/iframe>\n<div id=\"mojev-37525890\" class=\"mojev-kraj-teksta mojev-entity-placement\" style=\"margin-bottom: 20px;margin-left: auto;margin-right: auto;text-align: center;\"><div class=\"mojev-adlabel\">oglas<\/div><div style=\"height: 250px;\"><script async src=\"https:\/\/pagead2.googlesyndication.com\/pagead\/js\/adsbygoogle.js?client=ca-pub-8106111766207173\"\r\n     crossorigin=\"anonymous\"><\/script>\r\n<!-- Display-1 -->\r\n<ins class=\"adsbygoogle\"\r\n     style=\"display:block\"\r\n     data-ad-client=\"ca-pub-8106111766207173\"\r\n     data-ad-slot=\"1465712950\"\r\n     data-ad-format=\"auto\"\r\n     data-full-width-responsive=\"true\"><\/ins>\r\n<script>\r\n     (adsbygoogle = window.adsbygoogle || []).push({});\r\n<\/script><\/div><\/div>","protected":false},"excerpt":{"rendered":"<p>Pru\u017eanje konkretnih informacija u malim, lako savladivim dozama kroz sve faze postupaka mo\u017ee ubla\u017eiti djetetovu nelagodu pri suo\u010davanju s pravnim sustavom, koji ga mo\u017ee upla\u0161iti, a s kojim se dijete obi\u010dno tada prvi put susre\u0107e. Dobro obavije\u0161tena djeca imaju ve\u0107e samopouzdanje i povjerenje u pravosudni sustav &#8211; osje\u0107aju se sigurnije i slobodnije govore, \u0161to zna\u010di da se njihovi iskazi u ve\u0107oj mjeri uzimaju u obzir te da mogu u ve\u0107oj mjeri sudjelovati u postupcima.<\/p>\n","protected":false},"author":1,"featured_media":96290,"comment_status":"closed","ping_status":"closed","sticky":false,"template":"","format":"standard","meta":{"footnotes":""},"categories":[9],"tags":[903,589,3877],"class_list":["post-96286","post","type-post","status-publish","format-standard","has-post-thumbnail","hentry","category-vijesti","tag-hrvatski-pravni-centar","tag-izbjeglice","tag-pravno-savjetovaliste"],"_links":{"self":[{"href":"https:\/\/www.mojevrijeme.hr\/magazin\/wp-json\/wp\/v2\/posts\/96286","targetHints":{"allow":["GET"]}}],"collection":[{"href":"https:\/\/www.mojevrijeme.hr\/magazin\/wp-json\/wp\/v2\/posts"}],"about":[{"href":"https:\/\/www.mojevrijeme.hr\/magazin\/wp-json\/wp\/v2\/types\/post"}],"author":[{"embeddable":true,"href":"https:\/\/www.mojevrijeme.hr\/magazin\/wp-json\/wp\/v2\/users\/1"}],"replies":[{"embeddable":true,"href":"https:\/\/www.mojevrijeme.hr\/magazin\/wp-json\/wp\/v2\/comments?post=96286"}],"version-history":[{"count":0,"href":"https:\/\/www.mojevrijeme.hr\/magazin\/wp-json\/wp\/v2\/posts\/96286\/revisions"}],"wp:featuredmedia":[{"embeddable":true,"href":"https:\/\/www.mojevrijeme.hr\/magazin\/wp-json\/wp\/v2\/media\/96290"}],"wp:attachment":[{"href":"https:\/\/www.mojevrijeme.hr\/magazin\/wp-json\/wp\/v2\/media?parent=96286"}],"wp:term":[{"taxonomy":"category","embeddable":true,"href":"https:\/\/www.mojevrijeme.hr\/magazin\/wp-json\/wp\/v2\/categories?post=96286"},{"taxonomy":"post_tag","embeddable":true,"href":"https:\/\/www.mojevrijeme.hr\/magazin\/wp-json\/wp\/v2\/tags?post=96286"}],"curies":[{"name":"wp","href":"https:\/\/api.w.org\/{rel}","templated":true}]}}