{"id":96793,"date":"2024-01-23T17:56:28","date_gmt":"2024-01-23T16:56:28","guid":{"rendered":"https:\/\/www.mojevrijeme.hr\/magazin\/?p=96793"},"modified":"2024-01-23T17:56:31","modified_gmt":"2024-01-23T16:56:31","slug":"gordana-drzava-mi-uzme-80-eura-od-mirovine-jer-ne-kukam-nego-radim","status":"publish","type":"post","link":"https:\/\/www.mojevrijeme.hr\/magazin\/2024\/01\/gordana-drzava-mi-uzme-80-eura-od-mirovine-jer-ne-kukam-nego-radim\/","title":{"rendered":"Gordana: &#8216;Dr\u017eava mi uzme 80 eura od mirovine jer ne kukam nego radim&#8217;"},"content":{"rendered":"\n<p>Na\u0161a <strong>\u010ditateljica Gordana<\/strong> svje\u017ea je umirovljenica, no nije posve zadovoljna s na\u0161im mirovinskim sustavom. &#8220;U mirovinu sam oti\u0161la pro\u0161le godine u srpnju. Cijeli svoj radni vijek provela sam u bolnici kao medicinska sestra, uvijek sam bila uz bolesnike.&#8221;<\/p>\n\n\n\n<p>&#8220;Bio je to smjenski rad, no\u0107ne smjene su bile \u010deste, a radilo se naravno i praznicima, subotama i nedjeljama. Odradila sam nebrojeno prekovremenih sati koji desetlje\u0107ima medicinskim sestrama nisu bili pla\u0107eni&#8221;, objasnila je na po\u010detku pisma koje nam je uputila.<\/p>\n\n\n\n<h3 class=\"wp-block-heading\">Dva \u0161oka u nekoliko mjeseci<\/h3>\n\n\n\n<p>Dobila, je, otkriva nam potom, rje\u0161enje prema kojem joj mirovina iznosi 780 eura. &#8220;U redu, mislila sam si, nije puno, ali se s tim mo\u017ee pre\u017eivjeti. Onda je do\u0161la prva isplata mirovine na moj ra\u010dun, a ona je glasila: 760 eura. U redu, rekoh opet, to je zbog poreza i \u0161to se tu mo\u017ee&#8221;, ukazuje na prvo otkidanje od obe\u0107ane mirovine. \u00a0\u00a0\u00a0\u00a0\u00a0\u00a0<\/p><div id=\"mojev-2095363541\" class=\"mojev-u-tekstu mojev-entity-placement\" style=\"margin-left: auto;margin-right: auto;text-align: center;\"><div class=\"mojev-adlabel\">oglas<\/div><div style=\"height: 250px;\"><script async src=\"https:\/\/pagead2.googlesyndication.com\/pagead\/js\/adsbygoogle.js?client=ca-pub-8106111766207173\"\r\n     crossorigin=\"anonymous\"><\/script>\r\n<!-- Prikazni 1 u tekstu -->\r\n<ins class=\"adsbygoogle\"\r\n     style=\"display:block\"\r\n     data-ad-client=\"ca-pub-8106111766207173\"\r\n     data-ad-slot=\"8535551207\"\r\n     data-ad-format=\"auto\"\r\n     data-full-width-responsive=\"true\"><\/ins>\r\n<script>\r\n     (adsbygoogle = window.adsbygoogle || []).push({});\r\n<\/script><\/div><\/div><br style=\"clear: both; display: block; float: none;\"\/>\n\n\n\n<p>Potom se, pi\u0161e nam, odlu\u010dila vratiti u svijet rada, i tada je do\u017eivjela jo\u0161 jedno saka\u0107enje mirovine. &#8220;Nau\u010dila sam raditi cijeli \u017eivot pa sam odlu\u010dila natrag se zaposliti na \u010detiri sata, ovaj put u ambulanti medicine rada i sporta. Smatram da i dalje mogu pridonositi dru\u0161tvu. I \u0161to se dogodilo? Dobijem mirovinu 700 eura! Zovem mirovinsko, rekli su mi da moram pla\u0107ati porez na dobit. Tako mi sada svaki mjesec uzmu ukupno 80 eura poreza. To je godi\u0161nje gotovo 1000 eura&#8221;, po\u017ealila nam se.<\/p>\n\n\n\n<h3 class=\"wp-block-heading\">Nema pravo na dodatke<\/h3>\n\n\n\n<p>Potom je istaknula da je zakinuta i na druge na\u010dine. &#8220;Nemam pravo na nikakvu naknadu, ni bo\u017ei\u0107nicu, ni uskrsnicu, ni energetski dodatak ili dodatak za ubla\u017eavanje posljedica inflacije. Sada \u0107e oni koji imaju malu mirovinu krenuti na mene drvljem i kamenjem, jer smatraju da je nemam \u0161to tra\u017eiti, a ja znam da su mnogi svojevoljno oti\u0161li u prijevremenu mirovinu i danas dobivaju svakakve naknade i pomo\u0107, a sjede doma i kukaju i kritiziraju one koji se bore za sebe&#8221;, napisala je.<\/p>\n\n\n\n<p>Nitko se, napominje, ne pita koliko je uplatio u mirovinsko. &#8220;Ba\u0161 takvi stalno ne\u0161to tra\u017ee. Ja ne tra\u017eim ni\u0161ta, samo zahtijevam da mi ne uzimaju ono \u0161to sam dugogodi\u0161njim radom zaradila. Iako moram re\u0107i da znam da neki s dodacima na kraju dobiju gotovo isti iznos kao i ja kad mi uzmu na ime poreza.&#8221;<\/p>\n\n\n\n<p>&#8220;Po tome se \u010dini da je bolje sjediti doma i gun\u0111ati. Jer, napominjem, prema zakonu umirovljenik mo\u017ee raditi \u010detiri sata bez da mu diraju mirovinu. A meni uzmu mojih 80 eura mjese\u010dno. Tko je tu lud?&#8221;, pita se na kraju pisma umirovljenica Gordana.<\/p>\n\n\n\n<div id=\"crveno\"><\/p>\n\n\n\n<h3 class=\"wp-block-heading\">Zanima nas va\u0161a pri\u010da<\/h3>\n\n\n\n<p>\u017delite li i vi, posve anonimno, podijeliti svoje iskustvo i vi\u0111enje ove teme s nama i na\u0161im \u010ditateljima, mo\u017eete to u\u010diniti putem web obrasca <a rel=\"noreferrer noopener\" href=\"https:\/\/www.mojevrijeme.hr\/magazin\/povjerljivo\/\" target=\"_blank\">Povjerljivo<\/a>. Napi\u0161ite svoju pri\u010du!<\/p>\n\n\n\n<p><\/div>\n<div id=\"mojev-2247225354\" class=\"mojev-kraj-teksta mojev-entity-placement\" style=\"margin-bottom: 20px;margin-left: auto;margin-right: auto;text-align: center;\"><div class=\"mojev-adlabel\">oglas<\/div><div style=\"height: 250px;\"><script async src=\"https:\/\/pagead2.googlesyndication.com\/pagead\/js\/adsbygoogle.js?client=ca-pub-8106111766207173\"\r\n     crossorigin=\"anonymous\"><\/script>\r\n<!-- Display-1 -->\r\n<ins class=\"adsbygoogle\"\r\n     style=\"display:block\"\r\n     data-ad-client=\"ca-pub-8106111766207173\"\r\n     data-ad-slot=\"1465712950\"\r\n     data-ad-format=\"auto\"\r\n     data-full-width-responsive=\"true\"><\/ins>\r\n<script>\r\n     (adsbygoogle = window.adsbygoogle || []).push({});\r\n<\/script><\/div><\/div>","protected":false},"excerpt":{"rendered":"<p>Odlazak u mirovinu neki \u010dekaju &#8216;kao ozebli sunce&#8217;, ali ubrzo shvate da to ipak nije \u017eivot kakav \u017eele, pa se vrate u svijet rada. Ako se umirovljenici zaposle na \u010detiri sata, zadr\u017eavaju i mirovinu, no gospo\u0111a Gordana upozorava da dr\u017eava tu ipak ugrabi dio kola\u010da. Ona tako ostaje bez 80 eura mjese\u010dno.<\/p>\n","protected":false},"author":17,"featured_media":96838,"comment_status":"closed","ping_status":"closed","sticky":false,"template":"","format":"standard","meta":{"footnotes":""},"categories":[3552],"tags":[3055,3745,1342],"class_list":["post-96793","post","type-post","status-publish","format-standard","has-post-thumbnail","hentry","category-povjerljivo","tag-energetski-dodatak","tag-porez","tag-rad-uz-mirovinu"],"_links":{"self":[{"href":"https:\/\/www.mojevrijeme.hr\/magazin\/wp-json\/wp\/v2\/posts\/96793","targetHints":{"allow":["GET"]}}],"collection":[{"href":"https:\/\/www.mojevrijeme.hr\/magazin\/wp-json\/wp\/v2\/posts"}],"about":[{"href":"https:\/\/www.mojevrijeme.hr\/magazin\/wp-json\/wp\/v2\/types\/post"}],"author":[{"embeddable":true,"href":"https:\/\/www.mojevrijeme.hr\/magazin\/wp-json\/wp\/v2\/users\/17"}],"replies":[{"embeddable":true,"href":"https:\/\/www.mojevrijeme.hr\/magazin\/wp-json\/wp\/v2\/comments?post=96793"}],"version-history":[{"count":0,"href":"https:\/\/www.mojevrijeme.hr\/magazin\/wp-json\/wp\/v2\/posts\/96793\/revisions"}],"wp:featuredmedia":[{"embeddable":true,"href":"https:\/\/www.mojevrijeme.hr\/magazin\/wp-json\/wp\/v2\/media\/96838"}],"wp:attachment":[{"href":"https:\/\/www.mojevrijeme.hr\/magazin\/wp-json\/wp\/v2\/media?parent=96793"}],"wp:term":[{"taxonomy":"category","embeddable":true,"href":"https:\/\/www.mojevrijeme.hr\/magazin\/wp-json\/wp\/v2\/categories?post=96793"},{"taxonomy":"post_tag","embeddable":true,"href":"https:\/\/www.mojevrijeme.hr\/magazin\/wp-json\/wp\/v2\/tags?post=96793"}],"curies":[{"name":"wp","href":"https:\/\/api.w.org\/{rel}","templated":true}]}}