{"id":96999,"date":"2024-01-25T13:59:18","date_gmt":"2024-01-25T12:59:18","guid":{"rendered":"https:\/\/www.mojevrijeme.hr\/magazin\/?p=96999"},"modified":"2024-01-28T12:24:01","modified_gmt":"2024-01-28T11:24:01","slug":"splicanku-cetiri-mjeseca-nije-imao-tko-pokopati-traze-se-nasljednici","status":"publish","type":"post","link":"https:\/\/www.mojevrijeme.hr\/magazin\/2024\/01\/splicanku-cetiri-mjeseca-nije-imao-tko-pokopati-traze-se-nasljednici\/","title":{"rendered":"Spli\u0107anku (77) nije imao tko pokopati, tra\u017ee se nasljednici stana i novca"},"content":{"rendered":"\n<p>Tijelo 77-godi\u0161nje Spli\u0107anke, biv\u0161e radnice splitskoga Koteksa&#8221;, \u010detiri mjeseca le\u017ealo je na ledu na odjelu splitske Patologije a da nitko nije do\u0161ao po njega.<\/p>\n\n\n\n<p>O tome bruje stanari Lovretske ulice u Splitu, gdje je mirno \u017eivjela bez velike komunikacije sa susjedima, a aktualizirala se pri\u010da i oko njezina nasljedstva jer je pokojnica imala stan od 44 kvadrata na svoje ime, nekoliko \u0161tednih knji\u017eica na raznim bankama te automobil Renault Twingo, javlja <a href=\"https:\/\/slobodnadalmacija.hr\/split\/tijelo-imucne-splicanke-cetiri-mjeseca-lezalo-na-patologiji-morale-je-pokopati-bivse-kolegice-1358114\" target=\"_blank\" rel=\"noreferrer noopener\">Slobodna Dalmacija<\/a>. <\/p>\n\n\n\n<p>Nitko ne zna je li pokojnica ostavila kakav pisani trag kome ostavlja svoje nasljedstvo, a kako stvari stoje, utvr\u0111eno je da ona uop\u0107e nema rodbine, a kamoli najbli\u017eih \u010dlanova obitelji. Sada se \u0161ire pri\u010de da \u0107e sva njezina imovina ostati Gradu Splitu, ali to su samo naga\u0111anja. \u017divjela je samozatajno i nije dopu\u0161tala da se s njom izgradi neki dublji odnos. Slobodna doznaje da se nikada nije udavala, da nije imala djece.<\/p><div id=\"mojev-3948769432\" class=\"mojev-u-tekstu mojev-entity-placement\" style=\"margin-left: auto;margin-right: auto;text-align: center;\"><div class=\"mojev-adlabel\">oglas<\/div><div style=\"height: 250px;\"><script async src=\"https:\/\/pagead2.googlesyndication.com\/pagead\/js\/adsbygoogle.js?client=ca-pub-8106111766207173\"\r\n     crossorigin=\"anonymous\"><\/script>\r\n<!-- Prikazni 1 u tekstu -->\r\n<ins class=\"adsbygoogle\"\r\n     style=\"display:block\"\r\n     data-ad-client=\"ca-pub-8106111766207173\"\r\n     data-ad-slot=\"8535551207\"\r\n     data-ad-format=\"auto\"\r\n     data-full-width-responsive=\"true\"><\/ins>\r\n<script>\r\n     (adsbygoogle = window.adsbygoogle || []).push({});\r\n<\/script><\/div><\/div><br style=\"clear: both; display: block; float: none;\"\/>\n\n\n\n<h3 class=\"wp-block-heading\">Danima le\u017eala mrtva u stanu<\/h3>\n\n\n\n<p>&#8220;\u0160etala sam sa psom i vidjela otvoren kuhinjski prozor, i tu scenu sam gledala dva-tri dana. Sve dok nisam osjetila neugodan miris, nisam poduzimala ni\u0161ta, mada mi je sve bilo sumnjivo. Nakon moga poziva do\u0161la su dva policajca iz Prve policijske postaje, koji su pozvali vatrogasce. Do\u0161la su trojica vatrogasaca i hidrauli\u010dnom dizalicom podigli jednog mladog vatrogasca na devet metara visine, do drugog kata. Vatrogasac je s unutra\u0161nje strane otvorio vrata i odmah istr\u010dao vani jer nije mogao disati od smrada, a onda je posao preuzela policija&#8221;, opisala je susjeda koja je prva posumnjala da je nesretna \u017eena sama umrla u stanu. I policija i susjedi neuspje\u0161no su tragali za mogu\u0107im ro\u0111acima pokojnice. <\/p>\n\n\n\n<p>&#8220;Nakon tri mjeseca od pronalaska tijela, na\u0161a predstavnica stanara oti\u0161la je do splitske Patologije i tada su joj rekli da mi stanari moramo platiti petnaest eura po danu le\u017earine za tijelo pokojnice ako \u017eelimo preuzeti njezino tijelo, a onda se to spustilo na navodnih \u0161est i po eura po danu. Ja sam osobno zvala i upravu KBC-a Split i raspitivala se o tome, ali nijedan suvisao odgovor nisam dobila&#8221;, navodi susjeda.<\/p>\n\n\n\n<h3 class=\"wp-block-heading\">Pokop su, najvjerojatnije, organizirale kolegice iz Koteksa<\/h3>\n\n\n\n<p>&#8220;Nama stanarima bi ta le\u017earina do\u0161la jo\u0161 po sto eura po glavi i na to nismo pristali. Bog njoj dao pokoj, ali 200 eura da umirovljenik da za njezin sprovod i le\u017eanje na Patologiji stvarno je za nas umirovljenike puno, kad nam je mirovina oko 400 eura mjese\u010dno. Ne znam kako je to zavr\u0161ilo, ali nakon ne\u0161to vi\u0161e od tri i po mjeseca, za njezinu smrt su doznale i njezine kolegice iz splitskoga Koteksa, s kojima je radila, te su platile osmrtnicu u <a href=\"https:\/\/slobodnadalmacija.hr\/split\/tijelo-imucne-splicanke-cetiri-mjeseca-lezalo-na-patologiji-morale-je-pokopati-bivse-kolegice-1358114\" target=\"_blank\" rel=\"noreferrer noopener\">Slobodnoj Dalmaciji<\/a>, ali ne znam tko je platio sprovod. Mislim jo\u0161 nitko&#8221;, govori susjeda. <\/p>\n\n\n\n<p>&#8220;Molim vas napi\u0161ite da mi stanari zgrade jedva \u010dekamo da se prona\u0111e neki zakoniti nasljednik pokojnice ili netko od najbli\u017ee rodbine ili da se prona\u0111e njezin darovni ugovor, ako ga ima. Mi imovinu i novce na\u0161e susjede ne tra\u017eimo, \u010dak je predstavnica stanara objavila na internetu da se tra\u017ei njezina rodbina, ali nitko se do sada nije javljao&#8221;, zavr\u0161ila je svoja saznanja gospo\u0111a, koja je strpljivo odgovarala na novinarska pitanja pod uvjetom anonimnosti i za sebe i za pokojnicu.<\/p>\n<div id=\"mojev-2812310725\" class=\"mojev-kraj-teksta mojev-entity-placement\" style=\"margin-bottom: 20px;margin-left: auto;margin-right: auto;text-align: center;\"><div class=\"mojev-adlabel\">oglas<\/div><div style=\"height: 250px;\"><script async src=\"https:\/\/pagead2.googlesyndication.com\/pagead\/js\/adsbygoogle.js?client=ca-pub-8106111766207173\"\r\n     crossorigin=\"anonymous\"><\/script>\r\n<!-- Display-1 -->\r\n<ins class=\"adsbygoogle\"\r\n     style=\"display:block\"\r\n     data-ad-client=\"ca-pub-8106111766207173\"\r\n     data-ad-slot=\"1465712950\"\r\n     data-ad-format=\"auto\"\r\n     data-full-width-responsive=\"true\"><\/ins>\r\n<script>\r\n     (adsbygoogle = window.adsbygoogle || []).push({});\r\n<\/script><\/div><\/div>","protected":false},"excerpt":{"rendered":"<p>Njezinu odje\u0107u smo skupili i predali je Caritasu, a bankovne knji\u017eice i ostale dokumente pregledala je policija i sve je snimljeno i arhivirano, ka\u017eu susjedi o pokojnici s kojom nisu uspjeli uspostaviti neki dublji kontakt. Umirovljena radnica Koteksa \u017eivjela je distancirano i ne zna se kome \u0107e pripasti njena imovina.<\/p>\n","protected":false},"author":1,"featured_media":48819,"comment_status":"closed","ping_status":"closed","sticky":false,"template":"","format":"standard","meta":{"footnotes":""},"categories":[9],"tags":[596,2432,879,143],"class_list":["post-96999","post","type-post","status-publish","format-standard","has-post-thumbnail","hentry","category-vijesti","tag-crna-kronika","tag-nasljedstvo","tag-otudenost","tag-split"],"_links":{"self":[{"href":"https:\/\/www.mojevrijeme.hr\/magazin\/wp-json\/wp\/v2\/posts\/96999","targetHints":{"allow":["GET"]}}],"collection":[{"href":"https:\/\/www.mojevrijeme.hr\/magazin\/wp-json\/wp\/v2\/posts"}],"about":[{"href":"https:\/\/www.mojevrijeme.hr\/magazin\/wp-json\/wp\/v2\/types\/post"}],"author":[{"embeddable":true,"href":"https:\/\/www.mojevrijeme.hr\/magazin\/wp-json\/wp\/v2\/users\/1"}],"replies":[{"embeddable":true,"href":"https:\/\/www.mojevrijeme.hr\/magazin\/wp-json\/wp\/v2\/comments?post=96999"}],"version-history":[{"count":0,"href":"https:\/\/www.mojevrijeme.hr\/magazin\/wp-json\/wp\/v2\/posts\/96999\/revisions"}],"wp:featuredmedia":[{"embeddable":true,"href":"https:\/\/www.mojevrijeme.hr\/magazin\/wp-json\/wp\/v2\/media\/48819"}],"wp:attachment":[{"href":"https:\/\/www.mojevrijeme.hr\/magazin\/wp-json\/wp\/v2\/media?parent=96999"}],"wp:term":[{"taxonomy":"category","embeddable":true,"href":"https:\/\/www.mojevrijeme.hr\/magazin\/wp-json\/wp\/v2\/categories?post=96999"},{"taxonomy":"post_tag","embeddable":true,"href":"https:\/\/www.mojevrijeme.hr\/magazin\/wp-json\/wp\/v2\/tags?post=96999"}],"curies":[{"name":"wp","href":"https:\/\/api.w.org\/{rel}","templated":true}]}}