{"id":97386,"date":"2024-01-31T09:13:26","date_gmt":"2024-01-31T08:13:26","guid":{"rendered":"https:\/\/www.mojevrijeme.hr\/magazin\/?p=97386"},"modified":"2024-01-31T09:16:13","modified_gmt":"2024-01-31T08:16:13","slug":"umirovljenici-fbih-bijesni-zbog-uskladivanja-protiv-ulicarske-politike-borba-na-ulici","status":"publish","type":"post","link":"https:\/\/www.mojevrijeme.hr\/magazin\/2024\/01\/umirovljenici-fbih-bijesni-zbog-uskladivanja-protiv-ulicarske-politike-borba-na-ulici\/","title":{"rendered":"Umirovljenici FBiH bijesni zbog uskla\u0111ivanja: Protiv uli\u010darske politike borba na ulici"},"content":{"rendered":"\n<p>Umirovljenicima u Federaciji BiH mirovine \u0107e biti pove\u0107ane 5 posto. Rije\u010d je o akontacijskom pove\u0107anju za 2024. godinu koje se, ina\u010de, doga\u0111a na godi\u0161njem nivou, a u skladu sa podacima vezanim za rast BDP-a i indeksa potro\u0161a\u010dkih cijena u prethodnoj godini.<\/p>\n\n\n\n<p>Kada se spomene pove\u0107anje mirovina, zvu\u010di kao pozitivna i ohrabruju\u0107a vijest, no kada se zagrebe ispod povr\u0161ine, 5 posto zna\u010di tek oko 30 maraka pove\u0107anja. Tako \u0107e najni\u017ea mirovina u februaru, umjesto 538 konvertibilnih maraka (275 eura), iznositi 564 (288 eura), analizira <a href=\"https:\/\/federalna.ba\/ogorceni-i-razocarani-sta-znaci-povecanje-penzija-od-5-posto-yf81m\" target=\"_blank\" rel=\"noreferrer noopener\">Federalna<\/a>.<\/p>\n\n\n\n<p>U udru\u017eenjima umirovljenika smatraju da su politi\u010dki lideri ostali nijemi na njihove apele za adekvatnijim mjerama socijalne za\u0161tite. Politi\u010dari se, ka\u017eu, pozivaju na zakone \u010dije izmjene je lako donijeti ako postoji volja. &#8220;Nama trebaju pod hitno izmjene zakona o PIO-u koje \u0107e omogu\u0107iti vanredno uskla\u0111ivanje mirovina sa rastom inflacije, sa ekonomskim poreme\u0107ajem&#8221;, ka\u017ee <strong>Haso Halilovi\u0107<\/strong>, predsjednik Saveza umirovljenika TK-a.<\/p><div id=\"mojev-1092681724\" class=\"mojev-u-tekstu mojev-entity-placement\" style=\"margin-left: auto;margin-right: auto;text-align: center;\"><div class=\"mojev-adlabel\">oglas<\/div><div style=\"height: 250px;\"><script async src=\"https:\/\/pagead2.googlesyndication.com\/pagead\/js\/adsbygoogle.js?client=ca-pub-8106111766207173\"\r\n     crossorigin=\"anonymous\"><\/script>\r\n<!-- Prikazni 1 u tekstu -->\r\n<ins class=\"adsbygoogle\"\r\n     style=\"display:block\"\r\n     data-ad-client=\"ca-pub-8106111766207173\"\r\n     data-ad-slot=\"8535551207\"\r\n     data-ad-format=\"auto\"\r\n     data-full-width-responsive=\"true\"><\/ins>\r\n<script>\r\n     (adsbygoogle = window.adsbygoogle || []).push({});\r\n<\/script><\/div><\/div><br style=\"clear: both; display: block; float: none;\"\/>\n\n\n\n<p>Nadle\u017eni su i ranije najavljivali vanredno uskla\u0111ivanje, ali umirovljenici, pou\u010deni dosada\u0161njim iskustvima, ne vjeruju dok se ne dogodi. Izborna godina bi mogla prevagnuti u njihovu korist, smatraju analiti\u010dari. &#8220;Ho\u0107e li do toga do\u0107i, jo\u0161 ne znamo, nema najava, ali izborna je godina, ne bi nas iznenadilo da se to dogodi. To se mo\u017ee o\u010dekivati, to je stvar politi\u010dke volje i prihoda, kako se budu ostvarivali na temelju bud\u017eeta&#8221;, obja\u0161njava ekonomski analiti\u010dar <strong>Admir \u010cavali\u0107<\/strong>.<\/p>\n\n\n\n<p>Iako u godinama i nerijetko lo\u0161em zdravstvenom stanju, umirovljenici u Tuzli svoja prava su tra\u017eili i na ulicama. I ponovo \u0107e, najavljuju. Zahtjevi koji se odnose na 52 posto prosje\u010dne pla\u0107e, sigurniju zdravstvenu za\u0161titu, ali i cjelokupan bolji polo\u017eaj umirovljenika u dru\u0161tvu stoje pod upitnikom \u2013 a da nitko od nadle\u017enih na njih odgovorio.<\/p>\n\n\n\n<p>&#8220;Mi imamo tiranski odnos vlasti prema svim ugro\u017eenim kategorijama, radnicima, socijalnim slu\u010dajevima, i mi se moramo se boriti da bismo to rije\u0161ili. Ako vlast vodi uli\u010darsku politiku, onda rje\u0161enja treba tra\u017eiti na ulici&#8221;, poru\u010duje <strong>Vehid Jahi\u0107<\/strong>, predsjednik Stranke umirovljenika Tuzla.<\/p>\n\n\n\n<p>Nadaju se da \u0107e se politi\u010dki lideri uhvatiti u ko\u0161tac s izazovima socijalne pravde i pru\u017eiti konkretna rje\u0161enja koja \u0107e osigurati dostojanstven i siguran \u017eivot za one koji su svoj radni vijek posvetili izgradnji dru\u0161tva. Jo\u0161 nije kasno da politi\u010dari poka\u017eu odlu\u010dnost u rje\u0161avanju problema i vrate povjerenje gra\u0111ana koje iz dana u dan gube.<\/p>\n<div id=\"mojev-2082700589\" class=\"mojev-kraj-teksta mojev-entity-placement\" style=\"margin-bottom: 20px;margin-left: auto;margin-right: auto;text-align: center;\"><div class=\"mojev-adlabel\">oglas<\/div><div style=\"height: 250px;\"><script async src=\"https:\/\/pagead2.googlesyndication.com\/pagead\/js\/adsbygoogle.js?client=ca-pub-8106111766207173\"\r\n     crossorigin=\"anonymous\"><\/script>\r\n<!-- Display-1 -->\r\n<ins class=\"adsbygoogle\"\r\n     style=\"display:block\"\r\n     data-ad-client=\"ca-pub-8106111766207173\"\r\n     data-ad-slot=\"1465712950\"\r\n     data-ad-format=\"auto\"\r\n     data-full-width-responsive=\"true\"><\/ins>\r\n<script>\r\n     (adsbygoogle = window.adsbygoogle || []).push({});\r\n<\/script><\/div><\/div>","protected":false},"excerpt":{"rendered":"<p>Nezadovoljni &#8216;povi\u0161icom&#8217; mirovine, umirovljenici poru\u010duju da je vlast tiranski postavljena prema svim ugro\u017eenim kategorijama, radnicima, i socijalnim slu\u010dajevima.<\/p>\n","protected":false},"author":1,"featured_media":86373,"comment_status":"closed","ping_status":"closed","sticky":false,"template":"","format":"standard","meta":{"footnotes":""},"categories":[9],"tags":[3411,971],"class_list":["post-97386","post","type-post","status-publish","format-standard","has-post-thumbnail","hentry","category-vijesti","tag-federacija-bih","tag-uskladivanje-mirovina"],"_links":{"self":[{"href":"https:\/\/www.mojevrijeme.hr\/magazin\/wp-json\/wp\/v2\/posts\/97386","targetHints":{"allow":["GET"]}}],"collection":[{"href":"https:\/\/www.mojevrijeme.hr\/magazin\/wp-json\/wp\/v2\/posts"}],"about":[{"href":"https:\/\/www.mojevrijeme.hr\/magazin\/wp-json\/wp\/v2\/types\/post"}],"author":[{"embeddable":true,"href":"https:\/\/www.mojevrijeme.hr\/magazin\/wp-json\/wp\/v2\/users\/1"}],"replies":[{"embeddable":true,"href":"https:\/\/www.mojevrijeme.hr\/magazin\/wp-json\/wp\/v2\/comments?post=97386"}],"version-history":[{"count":0,"href":"https:\/\/www.mojevrijeme.hr\/magazin\/wp-json\/wp\/v2\/posts\/97386\/revisions"}],"wp:featuredmedia":[{"embeddable":true,"href":"https:\/\/www.mojevrijeme.hr\/magazin\/wp-json\/wp\/v2\/media\/86373"}],"wp:attachment":[{"href":"https:\/\/www.mojevrijeme.hr\/magazin\/wp-json\/wp\/v2\/media?parent=97386"}],"wp:term":[{"taxonomy":"category","embeddable":true,"href":"https:\/\/www.mojevrijeme.hr\/magazin\/wp-json\/wp\/v2\/categories?post=97386"},{"taxonomy":"post_tag","embeddable":true,"href":"https:\/\/www.mojevrijeme.hr\/magazin\/wp-json\/wp\/v2\/tags?post=97386"}],"curies":[{"name":"wp","href":"https:\/\/api.w.org\/{rel}","templated":true}]}}