{"id":97738,"date":"2024-02-03T12:55:47","date_gmt":"2024-02-03T11:55:47","guid":{"rendered":"https:\/\/www.mojevrijeme.hr\/magazin\/?p=97738"},"modified":"2024-02-03T13:04:53","modified_gmt":"2024-02-03T12:04:53","slug":"charles-75-se-dobro-opravlja-nakon-operacije-potvrdila-camilla","status":"publish","type":"post","link":"https:\/\/www.mojevrijeme.hr\/magazin\/2024\/02\/charles-75-se-dobro-opravlja-nakon-operacije-potvrdila-camilla\/","title":{"rendered":"Charles (75) se dobro oporavlja nakon operacije, potvrdila Camilla"},"content":{"rendered":"\n<p>Britanski kralj <strong>Charles III.<\/strong> otpu\u0161ten je na ku\u0107nu njegu nakon \u0161to je proveo tri no\u0107i u privatnoj bolnici u Londonu, potvrdila je kraljica supruga <strong>Camilla<\/strong>. Prethodno je istu bolnicu napustila i princeza od Walesa, gotovo dva tjedna nakon operacije abdomena. Prema Camillinim rije\u010dima, kralj je &#8220;dobro&#8221; i &#8220;veseli povratku na posao&#8221;.<\/p>\n\n\n\n<p>Charles (75) je hospitaliziran zbog benigne hiperplazije prostate, stanja koje se \u010desto povezuje sa starim mu\u0161karcima. Otprilike jedan od tri mu\u0161karca starijih od 50 godina imat \u0107e neke simptome pove\u0107ane prostate, \u017elijezde koja se nalazi odmah ispod mjehura.<\/p>\n\n\n\n<p>Iako mnogi mu\u0161karci o tome nerado govore, Charlesova operacija je objavljena javnosti kako bi se mu\u0161karce potaknulo na preventivne preglede prostate i \u0161to raniji po\u010detak lije\u010denja ovog stanja koje bitno naru\u0161ava kvalitetu \u017eivota.<\/p><div id=\"mojev-2430877062\" class=\"mojev-u-tekstu mojev-entity-placement\" style=\"margin-left: auto;margin-right: auto;text-align: center;\"><div class=\"mojev-adlabel\">oglas<\/div><div style=\"height: 250px;\"><script async src=\"https:\/\/pagead2.googlesyndication.com\/pagead\/js\/adsbygoogle.js?client=ca-pub-8106111766207173\"\r\n     crossorigin=\"anonymous\"><\/script>\r\n<!-- Prikazni 1 u tekstu -->\r\n<ins class=\"adsbygoogle\"\r\n     style=\"display:block\"\r\n     data-ad-client=\"ca-pub-8106111766207173\"\r\n     data-ad-slot=\"8535551207\"\r\n     data-ad-format=\"auto\"\r\n     data-full-width-responsive=\"true\"><\/ins>\r\n<script>\r\n     (adsbygoogle = window.adsbygoogle || []).push({});\r\n<\/script><\/div><\/div><br style=\"clear: both; display: block; float: none;\"\/>\n\n\n\n<p>Naime, zdravstvena stanja \u010dlanova kraljevske obitelji rijetko se javno otkrivaju. Stav Pala\u010de je da \u010dlanovi obitelji imaju pravo na odre\u0111enu razinu zdravstvene privatnosti unato\u010d svom polo\u017eaju javnih slu\u017ebenika. U skladu s tim, nije objavljeno za\u0161to je princeza od Walesa, <strong>Kate<\/strong> (42), gotovo dva tjedna le\u017eala u bolnici i kojem je operativnom zahvatu podvrgnuta.<\/p>\n\n\n\n<p>O\u010dekuje se da \u0107e se Kate vratiti svojim kraljevskim du\u017enostima tek nakon Uskrsa. Njezin suprug, princ William, tako\u0111er je privremeno odstupio od anga\u017emana kako bi pomogao u obiteljskim obvezama i brizi oko djece dok mu se supruga u potpunosti ne oporavi.<\/p>\n<div id=\"mojev-3790100632\" class=\"mojev-kraj-teksta mojev-entity-placement\" style=\"margin-bottom: 20px;margin-left: auto;margin-right: auto;text-align: center;\"><div class=\"mojev-adlabel\">oglas<\/div><div style=\"height: 250px;\"><script async src=\"https:\/\/pagead2.googlesyndication.com\/pagead\/js\/adsbygoogle.js?client=ca-pub-8106111766207173\"\r\n     crossorigin=\"anonymous\"><\/script>\r\n<!-- Display-1 -->\r\n<ins class=\"adsbygoogle\"\r\n     style=\"display:block\"\r\n     data-ad-client=\"ca-pub-8106111766207173\"\r\n     data-ad-slot=\"1465712950\"\r\n     data-ad-format=\"auto\"\r\n     data-full-width-responsive=\"true\"><\/ins>\r\n<script>\r\n     (adsbygoogle = window.adsbygoogle || []).push({});\r\n<\/script><\/div><\/div>","protected":false},"excerpt":{"rendered":"<p>Zdravstvena stanja \u010dlanova kraljevske obitelji rijetko se javno otkrivaju. Stav Pala\u010de je da \u010dlanovi obitelji imaju pravo na odre\u0111enu razinu zdravstvene privatnosti unato\u010d svom polo\u017eaju javnih slu\u017ebenika.<\/p>\n","protected":false},"author":1,"featured_media":62788,"comment_status":"closed","ping_status":"closed","sticky":false,"template":"","format":"standard","meta":{"footnotes":""},"categories":[9],"tags":[3285,307],"class_list":["post-97738","post","type-post","status-publish","format-standard","has-post-thumbnail","hentry","category-vijesti","tag-charles-iii","tag-prostata"],"_links":{"self":[{"href":"https:\/\/www.mojevrijeme.hr\/magazin\/wp-json\/wp\/v2\/posts\/97738","targetHints":{"allow":["GET"]}}],"collection":[{"href":"https:\/\/www.mojevrijeme.hr\/magazin\/wp-json\/wp\/v2\/posts"}],"about":[{"href":"https:\/\/www.mojevrijeme.hr\/magazin\/wp-json\/wp\/v2\/types\/post"}],"author":[{"embeddable":true,"href":"https:\/\/www.mojevrijeme.hr\/magazin\/wp-json\/wp\/v2\/users\/1"}],"replies":[{"embeddable":true,"href":"https:\/\/www.mojevrijeme.hr\/magazin\/wp-json\/wp\/v2\/comments?post=97738"}],"version-history":[{"count":0,"href":"https:\/\/www.mojevrijeme.hr\/magazin\/wp-json\/wp\/v2\/posts\/97738\/revisions"}],"wp:featuredmedia":[{"embeddable":true,"href":"https:\/\/www.mojevrijeme.hr\/magazin\/wp-json\/wp\/v2\/media\/62788"}],"wp:attachment":[{"href":"https:\/\/www.mojevrijeme.hr\/magazin\/wp-json\/wp\/v2\/media?parent=97738"}],"wp:term":[{"taxonomy":"category","embeddable":true,"href":"https:\/\/www.mojevrijeme.hr\/magazin\/wp-json\/wp\/v2\/categories?post=97738"},{"taxonomy":"post_tag","embeddable":true,"href":"https:\/\/www.mojevrijeme.hr\/magazin\/wp-json\/wp\/v2\/tags?post=97738"}],"curies":[{"name":"wp","href":"https:\/\/api.w.org\/{rel}","templated":true}]}}