{"id":97826,"date":"2024-02-04T18:44:53","date_gmt":"2024-02-04T17:44:53","guid":{"rendered":"https:\/\/www.mojevrijeme.hr\/magazin\/?p=97826"},"modified":"2024-02-05T09:48:14","modified_gmt":"2024-02-05T08:48:14","slug":"u-punom-tramvaju-je-pustala-turbofolk-meketanje-gdje-je-nestao-bonton","status":"publish","type":"post","link":"https:\/\/www.mojevrijeme.hr\/magazin\/2024\/02\/u-punom-tramvaju-je-pustala-turbofolk-meketanje-gdje-je-nestao-bonton\/","title":{"rendered":"&#8216;Turbofolk meketanje u punom tramvaju, gdje je nestao bonton?&#8217;"},"content":{"rendered":"\n<p>Nakon \u0161to smo objavili <a href=\"https:\/\/www.mojevrijeme.hr\/magazin\/2024\/01\/treba-li-u-tramvaju-skinuti-ruksak-s-leda-evo-sto-kaze-bonton\/\" data-type=\"post\" data-id=\"97042\">pravila lijepog pona\u0161anja u javnom prijevozu<\/a>, do\u017eivjeli smo pravu lavinu pohvala za uvo\u0111enje rubrike o bontonu. Uz to, na adresu na\u0161e stru\u010dnjakinje za lijepo pona\u0161anje, <strong>Bebe Mu\u0161icki<\/strong>, stiglo je pismo \u010ditatelja koji je opisao svoje iskustvo iz modrog tramvaja, ali i skru\u0161eno priznao da njegova reakcija nije bila sasma odgovaraju\u0107a. <\/p>\n\n\n\n<p>Naime, kao i brojnim drugim sugra\u0111anima metropole, gospodinu Zdenku zasmetala je \u010dinjenica da mladi slu\u0161aju glasnu glazbu s pametnih telefona, bez kori\u0161tenja slu\u0161alica koje bi za\u0161titile druge suputnike. Pismo prenosimo u cijelosti. <\/p>\n\n\n\n<p>&#8220;Draga Beba, \u010ditao sam va\u0161e naputke o lijepom pona\u0161anju u tramvaju pa bih vam volio izlo\u017eiti svoj slu\u010daj. Prije nekoliko dana sam stajao u &#8216;\u010detvorki&#8217; pored praznog sjedala. Oko mene je <em>coktala<\/em> i puhala djevojka, mo\u017eda bruco\u0161ica ili starija srednjo\u0161kolka, sve dok se nisam pomaknuo da se ona mo\u017ee provu\u0107i i sjesti. Nije mi bilo krivo \u0161to je sjela, jer joj je te\u0161ko stajati s velikim ruksakom na le\u0111ima. Ali onda je sjela nasloniv\u0161i ruksak (nije ga skinula) na prozor, a noge je protegnula u prolaz kao da joj je tata kupio tramvaj&#8221;, pi\u0161e \u010ditatelj.<\/p><div id=\"mojev-3100428937\" class=\"mojev-u-tekstu mojev-entity-placement\" style=\"margin-left: auto;margin-right: auto;text-align: center;\"><div class=\"mojev-adlabel\">oglas<\/div><div style=\"height: 250px;\"><script async src=\"https:\/\/pagead2.googlesyndication.com\/pagead\/js\/adsbygoogle.js?client=ca-pub-8106111766207173\"\r\n     crossorigin=\"anonymous\"><\/script>\r\n<!-- Prikazni 1 u tekstu -->\r\n<ins class=\"adsbygoogle\"\r\n     style=\"display:block\"\r\n     data-ad-client=\"ca-pub-8106111766207173\"\r\n     data-ad-slot=\"8535551207\"\r\n     data-ad-format=\"auto\"\r\n     data-full-width-responsive=\"true\"><\/ins>\r\n<script>\r\n     (adsbygoogle = window.adsbygoogle || []).push({});\r\n<\/script><\/div><\/div><br style=\"clear: both; display: block; float: none;\"\/>\n\n\n\n<p>&#8220;\u0160to je najgore, izvadila je mobitel i na sav glas navinula nekakav turbofolk kao da je to najnormalnija stvar na svijetu. Nakon \u0161to smo se svi oko nje minutu-dvije pogledavali, osjetio sam se toliko izmaltretiran napadom na moja u\u0161esa da sam je stjerao u materinu (i nju i muziku i mobitel) i iza\u0161ao iz tramvaja.&#8221;<\/p>\n\n\n\n<p>&#8220;Znam, moja reakcija nije dostojna jednog ro\u0111enog Zagrep\u010danca, ali pogubim \u017eivce od tih meketanja i zavijanja iz &#8216;kom\u0161iluka&#8217;. Kako biste vi postupili na mom mjestu, draga Beba, a da sve bude po bontonu i da ne ispadnete &#8216;nadrndana baba&#8217;? Ili deda, u mom slu\u010daju. <em>Kisdihand<\/em> i hvala na odgovoru. Va\u0161 \u0161tovatelj Zdenko iz Maksimira&#8221;, stoji u pismu. U nastavku donosimo odgovor stru\u010dnjakinje za bonton Bebe Mu\u0161icki.<\/p>\n\n\n\n<h3 class=\"wp-block-heading\">Sjedala u tramvaju nisu privatan kau\u010d<\/h3>\n\n\n\n<p><strong>Dragi Zdenko, <\/strong>po\u010det \u0107u s time da ste doista imali svako pravo uzrujati se zbog neotesanog pona\u0161anja mlade djevojke. Pravila pona\u0161anja u javnom prijevozu, ali i na svim onim mjestima na kojima ima mnogo ljudi, nala\u017eu da se pona\u0161amo na na\u010din koji ne\u0107e smetati ostalima u na\u0161oj blizini, a to, u slu\u010daju djevojke iz tramvaja, zna\u010di nekoliko stvari.<\/p>\n\n\n\n<p>Kao prvo, bilo bi pristojno da vas je mlada dama uljudno zamolila da se pomaknete kako bi ona mogla do\u0107i do sjedala. Vjerujem da biste vrlo rado udovoljili tom njenom zahtjevu. Nije potrebno puhati, <em>coktati<\/em>, kolutati o\u010dima i prigovarati. Ako lijepo zamolimo, ljudi \u0107e uglavnom pozitivno reagirati.<\/p>\n\n\n\n<p>Kao drugo, u sredstvima javnog prijevoza pristojno je zauzeti onoliko mjesta koliko nam je nu\u017eno, a ne koliko bismo \u017eeljeli. Sjedala u tramvaju nisu na\u0161 privatni kau\u010d pa da po njima le\u017eimo, raste\u017eemo noge, odla\u017eemo torbe i tako smetamo drugima.<\/p>\n\n\n\n<p>Tre\u0107e, nikako nije u skladu s bontonom preglasno razgovarati, s nekim poznanikom ili na telefon, kao ni pu\u0161tati glasnu glazbu. To drugima mo\u017ee smetati i mo\u017eemo samo zamisliti kako bi to izgledalo (i zvu\u010dalo) kad bi se svi tako pona\u0161ali. Tramvaji i autobusi bi postali nepodno\u0161ljivi.<\/p>\n\n\n\n<h3 class=\"wp-block-heading\">Bez psovki, molim!<\/h3>\n\n\n\n<p>S obzirom na sve ovo, svakako ste imali pravo prigovoriti pona\u0161anju djevojke. No tu vas moram nje\u017eno ukoriti zbog na\u010dina na koji ste to u\u010dinili. Bonton najstro\u017ee osu\u0111uje psovanje, vrije\u0111anje i fizi\u010dko obra\u010dunavanje.<\/p>\n\n\n\n<p>Vjerojatno vam je poznata stara afri\u010dka poslovica koja ka\u017ee da je potrebno selo da bi se odgojilo dijete. Djevojku \u010dije vam je pona\u0161anje zasmetalo roditelji, kako se \u010dini, nisu ba\u0161 dobro odgojili i zato bi njihovu gre\u0161ku trebalo ispraviti &#8220;selo&#8221;, a u dana\u0161nje vrijeme to &#8220;selo&#8221; smo svi mi. Ako se djecu ne upozorava na lijepo pona\u0161anje, ona ne\u0107e znati da ne\u0161to rade krivo. Vjerojatno je ve\u0107 i ranije vi\u0161e puta odvrnula glasno glazbu, a da je nitko nije upozorio da to nije lijepo. No nakon susreta s vama spomenuta djevojka vjerojatno ne\u0107e popraviti svoje pona\u0161anje u javnom prijevozu ve\u0107 \u0107e samo misliti da je u tramvaju naletjela na nekog prostaka.<\/p>\n\n\n\n<h3 class=\"wp-block-heading\">Kako se postaviti?<\/h3>\n\n\n\n<p>Ako se ponovno na\u0111ete u sli\u010dnoj situaciji, poku\u0161ajte re\u0107i ne\u0161to od sljede\u0107eg: &#8220;Molim vas, mo\u017eete li sti\u0161ati ili ugasiti glazbu? Smeta mi, a vjerojatno smeta i ostalim putnicima.&#8221; Mladi, na\u017ealost, nisu navikli da ih bilo tko na bilo \u0161to upozorava pa je posve izgledno da bi i to nje\u017eno upozorenje izazvalo dovoljan \u0161ok da muziku ugasi. <\/p>\n\n\n\n<p>Ako bi se, me\u0111utim, oglu\u0161ila na va\u0161 zahtjev, mo\u017eete pristupiti stro\u017ee i re\u0107i joj kako glasna muzika ne dolazi u obzir i neka je ugasi kako ne biste bili prisiljeni obratiti se voza\u010du i zaustaviti tramvaj. Vjerujem da bi djevojka po svaku cijenu \u017eeljela izbje\u0107i srd\u017ebu voza\u010da i ostalih putnika koji \u0107e zbog njenog pona\u0161anja biti prisiljeni \u010dekati dok se stvar ne razrije\u0161i.<\/p>\n\n\n\n<p>Tako\u0111er, nadam se da bi se u takvim situacijama va\u0161em zahtjevu priklju\u010dili i ostali putnici u kojem slu\u010daju bi njezina ljubav prema turbofolk glazbi te\u0161ko izdr\u017eala test punog tramvaja gnjevnih putnika.<\/p>\n\n\n\n<div id=\"crveno\"><\/p>\n\n\n\n<h3 class=\"wp-block-heading\">Pi\u0161ite Bebi<\/h3>\n\n\n\n<p>\u017delite li se posavjetovati s na\u0161om stru\u010dnjakinjom za lijepo opho\u0111enje, iznijeti mi\u0161ljenje, postaviti pitanje ili skrenuti pozornost na neku temu iz podru\u010dja ulju\u0111enog pona\u0161anja, mo\u017eete to u\u010diniti putem web obrasca <a href=\"https:\/\/www.mojevrijeme.hr\/magazin\/draga-beba\/\"><strong>Draga Beba<\/strong><\/a>. <\/p>\n\n\n\n<p><\/div>\n<div id=\"mojev-1568556476\" class=\"mojev-kraj-teksta mojev-entity-placement\" style=\"margin-bottom: 20px;margin-left: auto;margin-right: auto;text-align: center;\"><div class=\"mojev-adlabel\">oglas<\/div><div style=\"height: 250px;\"><script async src=\"https:\/\/pagead2.googlesyndication.com\/pagead\/js\/adsbygoogle.js?client=ca-pub-8106111766207173\"\r\n     crossorigin=\"anonymous\"><\/script>\r\n<!-- Display-1 -->\r\n<ins class=\"adsbygoogle\"\r\n     style=\"display:block\"\r\n     data-ad-client=\"ca-pub-8106111766207173\"\r\n     data-ad-slot=\"1465712950\"\r\n     data-ad-format=\"auto\"\r\n     data-full-width-responsive=\"true\"><\/ins>\r\n<script>\r\n     (adsbygoogle = window.adsbygoogle || []).push({});\r\n<\/script><\/div><\/div>","protected":false},"excerpt":{"rendered":"<p>Na\u0161em je \u010ditatelju zasmetalo zvu\u010dno zaga\u0111enje koje, i sami, svakodnevno bilje\u017eimo u zagreba\u010dkim tramvajima. Kako se postaviti kad vas netko maltretira svojim glazbenim (ne)ukusom?<\/p>\n","protected":false},"author":18,"featured_media":97834,"comment_status":"closed","ping_status":"closed","sticky":false,"template":"","format":"standard","meta":{"footnotes":""},"categories":[2],"tags":[613,75,878,612],"class_list":["post-97826","post","type-post","status-publish","format-standard","has-post-thumbnail","hentry","category-mozaik","tag-bonton","tag-glazba","tag-javni-prijevoz","tag-mladi"],"_links":{"self":[{"href":"https:\/\/www.mojevrijeme.hr\/magazin\/wp-json\/wp\/v2\/posts\/97826","targetHints":{"allow":["GET"]}}],"collection":[{"href":"https:\/\/www.mojevrijeme.hr\/magazin\/wp-json\/wp\/v2\/posts"}],"about":[{"href":"https:\/\/www.mojevrijeme.hr\/magazin\/wp-json\/wp\/v2\/types\/post"}],"author":[{"embeddable":true,"href":"https:\/\/www.mojevrijeme.hr\/magazin\/wp-json\/wp\/v2\/users\/18"}],"replies":[{"embeddable":true,"href":"https:\/\/www.mojevrijeme.hr\/magazin\/wp-json\/wp\/v2\/comments?post=97826"}],"version-history":[{"count":0,"href":"https:\/\/www.mojevrijeme.hr\/magazin\/wp-json\/wp\/v2\/posts\/97826\/revisions"}],"wp:featuredmedia":[{"embeddable":true,"href":"https:\/\/www.mojevrijeme.hr\/magazin\/wp-json\/wp\/v2\/media\/97834"}],"wp:attachment":[{"href":"https:\/\/www.mojevrijeme.hr\/magazin\/wp-json\/wp\/v2\/media?parent=97826"}],"wp:term":[{"taxonomy":"category","embeddable":true,"href":"https:\/\/www.mojevrijeme.hr\/magazin\/wp-json\/wp\/v2\/categories?post=97826"},{"taxonomy":"post_tag","embeddable":true,"href":"https:\/\/www.mojevrijeme.hr\/magazin\/wp-json\/wp\/v2\/tags?post=97826"}],"curies":[{"name":"wp","href":"https:\/\/api.w.org\/{rel}","templated":true}]}}