{"id":98074,"date":"2024-02-08T10:59:56","date_gmt":"2024-02-08T09:59:56","guid":{"rendered":"https:\/\/www.mojevrijeme.hr\/magazin\/?p=98074"},"modified":"2024-02-08T11:47:23","modified_gmt":"2024-02-08T10:47:23","slug":"anica-nasa-idila-je-pukla-na-severini-taj-poeta-je-zenomrzac","status":"publish","type":"post","link":"https:\/\/www.mojevrijeme.hr\/magazin\/2024\/02\/anica-nasa-idila-je-pukla-na-severini-taj-poeta-je-zenomrzac\/","title":{"rendered":"Anica: Na\u0161a idila je pukla na Severini, taj poeta je \u017eenomrzac!"},"content":{"rendered":"\n<p>&#8220;Udovica sam ve\u0107 nekoliko godina, otkako mi je umro mu\u017e s kojim sam bila u braku skoro 40 godina. Jako sam se te\u0161ko oporavila nakon njegove smrti, no izvukla su me djeca i prijateljice. S jednom sam prijateljicom po\u010dela i\u0107i na kratke izlete autobusom i to mi je puno pomoglo&#8221;, pi\u0161e nam na\u0161a \u010ditateljica Anica.<\/p>\n\n\n\n<p>&#8220;To su uglavnom povoljni jednodnevni izleti za penzionere. Obi\u0161li smo puno mjesta u Hrvatskoj, bili u Ma\u0111arskoj, Austriji, Trstu\u2026 Uvijek nam je bilo jako lijepo i nakon nekog vremena ve\u0107 se stvorila prava klapa tako da sada zajedno putujemo ve\u0107 godinama, uz izuzetak onih pandemijskih godina&#8221;, dodaje. <\/p>\n\n\n\n<p>Na jednom takvom izletu, povjerava nam, upoznala je mu\u0161karca kojeg \u0107emo za potrebe nazvati Slavko. Iako nakon suprugove smrti nije primje\u0107ivala mu\u0161karce, Slavko joj se svidio jer je, kako ka\u017ee, bio poseban: &#8220;Ugla\u0111en, jako \u0161irokog znanja, puno je svijeta vidio, a osim toga, moram re\u0107i, i jako je zgodan mu\u0161karac, visok i uvijek u finom sakou ili jakni.&#8221;<\/p><div id=\"mojev-3162676239\" class=\"mojev-u-tekstu mojev-entity-placement\" style=\"margin-left: auto;margin-right: auto;text-align: center;\"><div class=\"mojev-adlabel\">oglas<\/div><div style=\"height: 250px;\"><script async src=\"https:\/\/pagead2.googlesyndication.com\/pagead\/js\/adsbygoogle.js?client=ca-pub-8106111766207173\"\r\n     crossorigin=\"anonymous\"><\/script>\r\n<!-- Prikazni 1 u tekstu -->\r\n<ins class=\"adsbygoogle\"\r\n     style=\"display:block\"\r\n     data-ad-client=\"ca-pub-8106111766207173\"\r\n     data-ad-slot=\"8535551207\"\r\n     data-ad-format=\"auto\"\r\n     data-full-width-responsive=\"true\"><\/ins>\r\n<script>\r\n     (adsbygoogle = window.adsbygoogle || []).push({});\r\n<\/script><\/div><\/div><br style=\"clear: both; display: block; float: none;\"\/>\n\n\n\n<p>Iza Slavka je, nastavlja na\u0161a \u010ditateljica, propali brak, a djeca su mu odrasla. &#8220;Jako mi je bilo lijepo u njegovom dru\u0161tvu na tim izletima, a jednom pirikom me pozvao na kavu. Bilo mi je to malo \u010dudno, nisam znala trebam li i\u0107i ili ne, ali prijateljica mi je rekla da u tome nema ni\u0161ta lo\u0161e. I tako sam oti\u0161la s njime na kavu.&#8221;<\/p>\n\n\n\n<h3 class=\"wp-block-heading\">Ka\u017ee da mu je bilo lomljeno srce<\/h3>\n\n\n\n<p>&#8220;Kasnije me opet nazvao da mi ka\u017ee da ima karte za kazali\u0161te i \u017eelim li i\u0107i s njim. Malo po malo smo se zbli\u017eili. Slavko pi\u0161e i pjesme. To su jako lijepi i osje\u0107ajni stihovi i to mi se stra\u0161no svidjelo jer ne znam puno mu\u0161karaca, zapravo ne znam niti jednog, koji pi\u0161u pjesme. Ispri\u010dao mi je da mu je puno puta bilo slomljeno srce i da su mu pjesme nekakav ispu\u0161ni ventil. Na papir, rekao mi je, mo\u017ee napisati sve \u0161to misli i osje\u0107a i papir ga nikada ne\u0107e iznevjeriti. Ima jako malo osje\u0107ajnih mu\u0161karaca, a Slavko je bio jedan od takvih&#8221;, kazuje Anica. <\/p>\n\n\n\n<p>No onda je primijetila ne\u0161to \u0161to samoj sebi ne mo\u017ee objasniti. &#8220;Slu\u017eim se Facebookom preko mobitela, tako \u010ditam vijesti, pratim nekoliko stranica i preko Facebooka komuniciram s prijateljima. Kad je izbio ovaj skandal sa Severinom, ispod jednog \u010dlanka vidjela sam Slavkov komentar. U\u017easnim rje\u010dnikom se obru\u0161io na pjeva\u010dicu, izvrije\u0111ao je na grozan na\u010din tako da te rije\u010di ne mogu niti ponoviti.&#8221;<\/p>\n\n\n\n<h3 class=\"wp-block-heading\">Slavko je \u017eenomrzac!<\/h3>\n\n\n\n<p>No to tu Slavko nije stao, nastavlja Anica. &#8220;Kad mu je jedna \u017eena odgovorila da se ona samo bori za svoje dijete, on je izvrije\u0111ao i nju, nazvao je prostitutkom, kazao da su sve \u017eene koje podr\u017eavaju Severinu lake \u017eene. No, on je to rekao na puno grublji i prostiji na\u010din. Nisam mogla vjerovati. Ubrzo sam prona\u0161la jo\u0161 jedan njegov komentar na istu temu, ali sad ispod \u010dlanka na nekom drugom portalu. Opet je vrije\u0111ao sve \u017eive \u017eene, nazivao ih svakakvim pogrdnim imenima.&#8221;<\/p>\n\n\n\n<p>Na\u0161a \u010ditateljica je ostala u \u0161oku kada je shvatila da fini gospodin kojeg je upoznala na izletima mo\u017ee napisati tako u\u017easne rije\u010di i vrije\u0111ati \u017eene. &#8220;Ne znam zna li on uop\u0107e da se ti komentari vide i da bi ih mogao vidjeti netko tko ga poznaje. Ja sam sa prenerazila na tu razinu vulgarnosti i zadrtosti&#8221;, napisala je. <\/p>\n\n\n\n<p>Nakon toga su se jo\u0161 jednom \u010duli, ali njoj su u glavi stalno bili svi ti u\u017easi koje je Slavko pisao na Facebooku. Jednostavno to nije mogla povezati sa stihovima koje je objavljivao na svom profilu. &#8220;Po\u010dela sam mislili da je mo\u017eda on kriv za svoj razvod jer se u prvo vrijeme pravi divan i krasan, ali unutra se krije jedna grozna osoba. Koji je Slavko pravi i je li onaj romanti\u010dni i osje\u0107ajni Slavko zapravo maska?&#8221; retori\u010dki pita na\u0161a \u010ditateljica.<\/p>\n\n\n\n<div id=\"crveno\"><\/p>\n\n\n\n<h3 class=\"wp-block-heading\">Zanima nas va\u0161a pri\u010da<\/h3>\n\n\n\n<p>\u017delite li i vi, posve anonimno, podijeliti svoje iskustvo i vi\u0111enje ove teme s nama i na\u0161im \u010ditateljima, mo\u017eete to u\u010diniti putem web obrasca <a rel=\"noreferrer noopener\" href=\"https:\/\/www.mojevrijeme.hr\/magazin\/povjerljivo\/\" target=\"_blank\">Povjerljivo<\/a>. Napi\u0161ite svoju pri\u010du!<\/p>\n\n\n\n<p><\/div>\n<div id=\"mojev-3831316264\" class=\"mojev-kraj-teksta mojev-entity-placement\" style=\"margin-bottom: 20px;margin-left: auto;margin-right: auto;text-align: center;\"><div class=\"mojev-adlabel\">oglas<\/div><div style=\"height: 250px;\"><script async src=\"https:\/\/pagead2.googlesyndication.com\/pagead\/js\/adsbygoogle.js?client=ca-pub-8106111766207173\"\r\n     crossorigin=\"anonymous\"><\/script>\r\n<!-- Display-1 -->\r\n<ins class=\"adsbygoogle\"\r\n     style=\"display:block\"\r\n     data-ad-client=\"ca-pub-8106111766207173\"\r\n     data-ad-slot=\"1465712950\"\r\n     data-ad-format=\"auto\"\r\n     data-full-width-responsive=\"true\"><\/ins>\r\n<script>\r\n     (adsbygoogle = window.adsbygoogle || []).push({});\r\n<\/script><\/div><\/div>","protected":false},"excerpt":{"rendered":"<p>O ljudima mo\u017eemo puno doznati pogledamo li njihov profil na Facebooku. No upoznat \u0107emo ih puno bolje ako pogledamo kakve komentare ostavljaju ispod medijskih objava. Tu gorku istinu spoznala je i na\u0161a \u010ditateljica Anica kod koje je odu\u0161evljenje Slavkom naglo splasnulo i pretvorilo se u u\u017easnutost.<\/p>\n","protected":false},"author":4,"featured_media":98223,"comment_status":"closed","ping_status":"closed","sticky":false,"template":"","format":"standard","meta":{"footnotes":""},"categories":[3552],"tags":[613,453,500],"class_list":["post-98074","post","type-post","status-publish","format-standard","has-post-thumbnail","hentry","category-povjerljivo","tag-bonton","tag-drustvene-mreze","tag-nasilje"],"_links":{"self":[{"href":"https:\/\/www.mojevrijeme.hr\/magazin\/wp-json\/wp\/v2\/posts\/98074","targetHints":{"allow":["GET"]}}],"collection":[{"href":"https:\/\/www.mojevrijeme.hr\/magazin\/wp-json\/wp\/v2\/posts"}],"about":[{"href":"https:\/\/www.mojevrijeme.hr\/magazin\/wp-json\/wp\/v2\/types\/post"}],"author":[{"embeddable":true,"href":"https:\/\/www.mojevrijeme.hr\/magazin\/wp-json\/wp\/v2\/users\/4"}],"replies":[{"embeddable":true,"href":"https:\/\/www.mojevrijeme.hr\/magazin\/wp-json\/wp\/v2\/comments?post=98074"}],"version-history":[{"count":0,"href":"https:\/\/www.mojevrijeme.hr\/magazin\/wp-json\/wp\/v2\/posts\/98074\/revisions"}],"wp:featuredmedia":[{"embeddable":true,"href":"https:\/\/www.mojevrijeme.hr\/magazin\/wp-json\/wp\/v2\/media\/98223"}],"wp:attachment":[{"href":"https:\/\/www.mojevrijeme.hr\/magazin\/wp-json\/wp\/v2\/media?parent=98074"}],"wp:term":[{"taxonomy":"category","embeddable":true,"href":"https:\/\/www.mojevrijeme.hr\/magazin\/wp-json\/wp\/v2\/categories?post=98074"},{"taxonomy":"post_tag","embeddable":true,"href":"https:\/\/www.mojevrijeme.hr\/magazin\/wp-json\/wp\/v2\/tags?post=98074"}],"curies":[{"name":"wp","href":"https:\/\/api.w.org\/{rel}","templated":true}]}}