{"id":98528,"date":"2024-02-12T11:03:33","date_gmt":"2024-02-12T10:03:33","guid":{"rendered":"https:\/\/www.mojevrijeme.hr\/magazin\/?p=98528"},"modified":"2024-02-12T11:06:08","modified_gmt":"2024-02-12T10:06:08","slug":"donijeti-politicku-odluku-o-jednokratnom-povecanju-mirovina-odmah","status":"publish","type":"post","link":"https:\/\/www.mojevrijeme.hr\/magazin\/2024\/02\/donijeti-politicku-odluku-o-jednokratnom-povecanju-mirovina-odmah\/","title":{"rendered":"&#8216;Donijeti politi\u010dku odluku o jednokratnom pove\u0107anju mirovina, odmah!&#8217;"},"content":{"rendered":"\n<p>U kojem smjeru ide mirovinska politika, \u0161to se doga\u0111a na sceni i \u0161to bi trebalo u\u010diniti, za <a href=\"https:\/\/www.suh.hr\/naslovna\/nema-vise-cekanja-treba-podici-mirovine\/\" target=\"_blank\" rel=\"noreferrer noopener\">Glas umirovljenika<\/a> komentirao je ugledni novinar, nekada\u0161nji predsjednik HND-a te biv\u0161i predsjednik Nacionalnog vije\u0107a za umirovljenike i starije osobe <strong>Ante Gavranovi\u0107<\/strong>.<\/p>\n\n\n\n<p>Izme\u0111u ostalog, Gavranovi\u0107 se osvrnuo na aktivnosti Sindikata i Matice umirovljenika Hrvatske te ostvarene pomake u vidu prava izbora povratka u mirovinu iz prvog stupa u prigodi umirovljenja, uvo\u0111enje nacionalne naknade, pobolj\u0161ane obiteljske mirovine i uvo\u0111enje obiteljskog dodatka, ukidanje dodatnog zdravstvenog doprinosa, omogu\u0107avanje rada uz mirovinu svim umirovljenicima.<\/p>\n\n\n\n<p>&#8220;Ve\u0107 sam ranije spomenuo da zajedni\u010dki stavovi i nastupi u javnosti, a ne samo na Nacionalnom vije\u0107u, ja\u010daju svaku inicijativu i konkretan prijedlog. U tom smislu pozdravljam svaki napredak. Stvari se odvijaju po mom mi\u0161ljenju sporo, ali su pomaci vidljivi&#8221;, kazao je Gavranovi\u0107 navode\u0107i da ima osje\u0107aj da pritisak umirovljeni\u010dkih udruga kroz aktivnosti Nacionalnog vije\u0107a postupno opada. <\/p><div id=\"mojev-1398983411\" class=\"mojev-u-tekstu mojev-entity-placement\" style=\"margin-left: auto;margin-right: auto;text-align: center;\"><div class=\"mojev-adlabel\">oglas<\/div><div style=\"height: 250px;\"><script async src=\"https:\/\/pagead2.googlesyndication.com\/pagead\/js\/adsbygoogle.js?client=ca-pub-8106111766207173\"\r\n     crossorigin=\"anonymous\"><\/script>\r\n<!-- Prikazni 1 u tekstu -->\r\n<ins class=\"adsbygoogle\"\r\n     style=\"display:block\"\r\n     data-ad-client=\"ca-pub-8106111766207173\"\r\n     data-ad-slot=\"8535551207\"\r\n     data-ad-format=\"auto\"\r\n     data-full-width-responsive=\"true\"><\/ins>\r\n<script>\r\n     (adsbygoogle = window.adsbygoogle || []).push({});\r\n<\/script><\/div><\/div><br style=\"clear: both; display: block; float: none;\"\/>\n\n\n\n<p>&#8220;Vidimo poku\u0161aje politi\u010dkih stranaka umirovljenika da koriste izborena prava (kroz Nacionalno vije\u0107e) za svoje sitne politikantske interese i okvire. \u0160tetno za umirovljenike&#8221;, kazao je. <\/p>\n\n\n\n<p>Gavranovi\u0107 misli da je Vlada pokazala pone\u0161to vi\u0161e razumijevanja za zahtjeve, a zahvaljuju\u0107i i izda\u0161nim fondovima te prikupljenim sredstvima na osnovi PDV-a, raspola\u017ee i s vi\u0161e sredstava \u0161to omogu\u0107ava izda\u0161nije intervencije. <\/p>\n\n\n\n<p>&#8220;Vidjet \u0107emo kako \u0107e se stvari odvijati. Samo uskla\u0111ivanje, \u010dak i da se prihvati formula koju zastupaju Matica i Sindikat, ne rje\u0161ava problem, samo ga ubla\u017eava. Vlada mora donijeti politi\u010dku odluku o jednokratnom ozbiljnijem pove\u0107anju mirovina \u0161to bi, uz redovno uskla\u0111ivanje, moglo pomo\u0107i da se ve\u0107i dio umirovljenika izvu\u010de izvan zone siroma\u0161tva. Sredstva? Ima ih za sve zahtjeve pa bi se racionalnijom preraspodjelom dru\u0161tvenih sredstava sigurno prona\u0161lo potrebna sredstva za takav iskorak. Nema vi\u0161e \u010dekanja: treba podi\u0107i mirovine!&#8221; zaklju\u010dio je. <\/p>\n<div id=\"mojev-4063097695\" class=\"mojev-kraj-teksta mojev-entity-placement\" style=\"margin-bottom: 20px;margin-left: auto;margin-right: auto;text-align: center;\"><div class=\"mojev-adlabel\">oglas<\/div><div style=\"height: 250px;\"><script async src=\"https:\/\/pagead2.googlesyndication.com\/pagead\/js\/adsbygoogle.js?client=ca-pub-8106111766207173\"\r\n     crossorigin=\"anonymous\"><\/script>\r\n<!-- Display-1 -->\r\n<ins class=\"adsbygoogle\"\r\n     style=\"display:block\"\r\n     data-ad-client=\"ca-pub-8106111766207173\"\r\n     data-ad-slot=\"1465712950\"\r\n     data-ad-format=\"auto\"\r\n     data-full-width-responsive=\"true\"><\/ins>\r\n<script>\r\n     (adsbygoogle = window.adsbygoogle || []).push({});\r\n<\/script><\/div><\/div>","protected":false},"excerpt":{"rendered":"<p>Vjerujem da je Nacionalno vije\u0107e zna\u010dajno pridonijelo druk\u010dijoj percepciji o polo\u017eaju umirovljenika i prisililo vladaju\u0107e garniture da se prema njihovim zahtjevima druk\u010dije odnose, ka\u017ee Gavranovi\u0107.<\/p>\n","protected":false},"author":1,"featured_media":54447,"comment_status":"closed","ping_status":"closed","sticky":false,"template":"","format":"standard","meta":{"footnotes":""},"categories":[9],"tags":[2975,18,1623,167],"class_list":["post-98528","post","type-post","status-publish","format-standard","has-post-thumbnail","hentry","category-vijesti","tag-ante-gavranovic","tag-mirovine","tag-nacionalno-vijece","tag-sindikat-umirovljenika"],"_links":{"self":[{"href":"https:\/\/www.mojevrijeme.hr\/magazin\/wp-json\/wp\/v2\/posts\/98528","targetHints":{"allow":["GET"]}}],"collection":[{"href":"https:\/\/www.mojevrijeme.hr\/magazin\/wp-json\/wp\/v2\/posts"}],"about":[{"href":"https:\/\/www.mojevrijeme.hr\/magazin\/wp-json\/wp\/v2\/types\/post"}],"author":[{"embeddable":true,"href":"https:\/\/www.mojevrijeme.hr\/magazin\/wp-json\/wp\/v2\/users\/1"}],"replies":[{"embeddable":true,"href":"https:\/\/www.mojevrijeme.hr\/magazin\/wp-json\/wp\/v2\/comments?post=98528"}],"version-history":[{"count":0,"href":"https:\/\/www.mojevrijeme.hr\/magazin\/wp-json\/wp\/v2\/posts\/98528\/revisions"}],"wp:featuredmedia":[{"embeddable":true,"href":"https:\/\/www.mojevrijeme.hr\/magazin\/wp-json\/wp\/v2\/media\/54447"}],"wp:attachment":[{"href":"https:\/\/www.mojevrijeme.hr\/magazin\/wp-json\/wp\/v2\/media?parent=98528"}],"wp:term":[{"taxonomy":"category","embeddable":true,"href":"https:\/\/www.mojevrijeme.hr\/magazin\/wp-json\/wp\/v2\/categories?post=98528"},{"taxonomy":"post_tag","embeddable":true,"href":"https:\/\/www.mojevrijeme.hr\/magazin\/wp-json\/wp\/v2\/tags?post=98528"}],"curies":[{"name":"wp","href":"https:\/\/api.w.org\/{rel}","templated":true}]}}