{"id":98674,"date":"2024-02-15T20:43:26","date_gmt":"2024-02-15T19:43:26","guid":{"rendered":"https:\/\/www.mojevrijeme.hr\/magazin\/?p=98674"},"modified":"2024-02-16T13:25:43","modified_gmt":"2024-02-16T12:25:43","slug":"tihana-59-prekasno-sam-shvatila-koliko-sam-bila-losa-prema-majci","status":"publish","type":"post","link":"https:\/\/www.mojevrijeme.hr\/magazin\/2024\/02\/tihana-59-prekasno-sam-shvatila-koliko-sam-bila-losa-prema-majci\/","title":{"rendered":"Tihana (59): &#8216;Prekasno sam shvatila koliko sam bila lo\u0161a prema majci&#8217;"},"content":{"rendered":"\n<p>Na\u0161a 59-godi\u0161nja sugovornica Tihana prisjetila se kako je s 18 godina iz obiteljskog doma u Podravini oti\u0161la u Zagreb na studij. I dok je ona je odlazila puna \u017eivota, njezina majka godinama nije mogla nadomjestiti prazninu koju je njezina k\u0107i jedinica ostavila za sobom.&nbsp;<\/p>\n\n\n\n<p>&#8220;Kad su do\u0161li telefoni, potom i mobiteli, \u010desto me zvala. Ja pak nikad nisam nalazila vremena za razgovore s njom. Studij, potom i suprug, djeca, karijera, izleti, putovanja, posla po ku\u0107i, sve su to bili izgovori za re\u010denice poput: Mama, ne mogu sada pri\u010dati, nazvat \u0107u te kasnije, ma ajde, pa ionako ve\u0107 sve znam&#8221;, govori iskreno gospo\u0111a Tihana.<\/p>\n\n\n\n<p>Nije njezina majka, napominje, bila najve\u0107a seoska tra\u010derica, ali je njoj ipak voljela prepri\u010davati sve \u0161to se doga\u0111a u njenom krugu ljudi. &#8220;Kad je po\u010dela pri\u010dati o ro\u0111acima, to ne samo da me ljutilo, izlu\u0111ivalo me. Zamolila bih je da me prestane time zamarati, a ona bi rekla: Ma slu\u0161aj samo jo\u0161 ovo. Tada bih se ja zapjenila da je pjena izlazila iz njene 100 kilometara udaljene slu\u0161alice&#8221;, govori nam.<\/p><div id=\"mojev-2854866472\" class=\"mojev-u-tekstu mojev-entity-placement\" style=\"margin-left: auto;margin-right: auto;text-align: center;\"><div class=\"mojev-adlabel\">oglas<\/div><div style=\"height: 250px;\"><script async src=\"https:\/\/pagead2.googlesyndication.com\/pagead\/js\/adsbygoogle.js?client=ca-pub-8106111766207173\"\r\n     crossorigin=\"anonymous\"><\/script>\r\n<!-- Prikazni 1 u tekstu -->\r\n<ins class=\"adsbygoogle\"\r\n     style=\"display:block\"\r\n     data-ad-client=\"ca-pub-8106111766207173\"\r\n     data-ad-slot=\"8535551207\"\r\n     data-ad-format=\"auto\"\r\n     data-full-width-responsive=\"true\"><\/ins>\r\n<script>\r\n     (adsbygoogle = window.adsbygoogle || []).push({});\r\n<\/script><\/div><\/div><br style=\"clear: both; display: block; float: none;\"\/>\n\n\n\n<h3 class=\"wp-block-heading\">&#8220;Stoput sam je prekinula&#8221;<\/h3>\n\n\n\n<p>&#8220;Stotine je primjera kad sam je prekinula u razgovoru, sjetit \u0107u se na brzinu samo nekih situacija. Primjerice, na placu sam, nosim ruksak, u ruci vre\u0107ice, cvije\u0107e, sitni novac, a u zraku je plus 40. Mama, me mogu sad ama nikako, povikala bi i prekinula poziv. Tek poslije bih razmi\u0161ljala, nije valjda ne\u0161to hitno. Onda bih zaboravila na nju do prekosutra&#8221;, iskrena je gospo\u0111a Tihana.<\/p>\n\n\n\n<p>Potom ka\u017ee da bi je mama znala nazvati ba\u0161 kad je s nekim na kavi, a onda bi joj obe\u0107ala nazvati je kasnije. &#8220;Mama, ne \u017eelim da mi vrijeme za prijateljicu ode na razglabanje s tobom o glupostima, rekla bih joj. I opet bih je nazvala tek za par dana koji su se njoj zasigurno \u010dinili dugima&#8221;, povjerila nam se.<\/p>\n\n\n\n<h3 class=\"wp-block-heading\">Vremena nemamo nikada, ako si ga ne uzmemo<\/h3>\n\n\n\n<p>I tako, ka\u017ee, uvijek ti neki izgovori kad god mama nazove. &#8220;Ako me nazvala kad sam peglala, rekla sam joj da \u0107u iskriviti kralje\u017enicu dok pridr\u017eavam telefon. Ako me zvala dok smo putovali, opet bih rekla da me mogu raspredati jer mi je glava puna stresa od pakiranja i \u010di\u0161\u0107enja. Kad je zvala na more, bilo mi je prevru\u0107e. Kad je zvala zimi, bilo mi je prehladno. Sada mi sve to dolazi, da prostite, iz guzice u glavu&#8221;, rekla je.<\/p>\n\n\n\n<p>Kad bi i razgovarale, ne krije Tihana, prekidala ju je na pola razgovora. &#8220;Nisam htjela slu\u0161ati o svakom ro\u0111aku \u0161to je radio, gdje je bio i \u0161to je jeo, pio, rekao. A zapravo sada, s odmakom, shva\u0107am da je to bio njezin svijet, njezina svakodnevica koju je htjela s nekim podijeliti. Mogla sam je saslu\u0161ati, ne bi mi kruna s glave pala, a njoj bi puno zna\u010dilo&#8221;, uzdahnula je.<\/p>\n\n\n\n<h3 class=\"wp-block-heading\">Bri\u017ena i po\u017ertvovna majka<\/h3>\n\n\n\n<p>Prisjetila se potom koliko je njezina majka bila bri\u017ena, po\u017ertvovna i usredoto\u010dena na nju. &#8220;Koliko sam samo puta petkom bila na poslu, a majka bi me zvala da su do\u0161li susjedi iz Zagreba i da joj javim \u0161to trebam iz njezinog vrta, da mi po njima po\u0161alje. Ja bih joj rekla neka me ne zove na posao za gluposti i da ne mislim cijelu nedjelju de\u017eurati i \u010dekati ih da mi dovezu njezine tikvice&#8221;, prepri\u010dava svoje pona\u0161anje prema majci.&nbsp;<\/p>\n\n\n\n<h3 class=\"wp-block-heading\">Jednog dana bude prekasno&#8230;<\/h3>\n\n\n\n<p>&#8220;Danas znam da je majka imala puno svojih te\u0161kih kri\u017eeva i da sam joj ih mogla \u010de\u0161\u0107e pomo\u0107i nositi. Jednog dana bila bih dala sve na svijetu da me mama jo\u0161 samo jednom nazove. Onog dana, kad me nazvao otac, i rekao da je preminula&#8221;, rekla je sa suznih o\u010diju gospo\u0111a Tihana i ostavila nas u dugom razmi\u0161ljanju o vlastitom odnosu prema voljenima.<\/p>\n\n\n\n<p>A kako vi gledate na svoj odnos s majkom?<\/p>\n\n\n\n<div id=\"crveno\"><\/p>\n\n\n\n<h3 class=\"wp-block-heading\">Zanima nas va\u0161a pri\u010da<\/h3>\n\n\n\n<p>\u017delite li i vi, posve anonimno, podijeliti svoje iskustvo i vi\u0111enje ove teme s nama i na\u0161im \u010ditateljima, mo\u017eete to u\u010diniti putem web obrasca <a rel=\"noreferrer noopener\" href=\"https:\/\/www.mojevrijeme.hr\/magazin\/povjerljivo\/\" target=\"_blank\">Povjerljivo<\/a>. Napi\u0161ite svoju pri\u010du!<\/p>\n\n\n\n<p><\/div>\n<div id=\"mojev-2490823443\" class=\"mojev-kraj-teksta mojev-entity-placement\" style=\"margin-bottom: 20px;margin-left: auto;margin-right: auto;text-align: center;\"><div class=\"mojev-adlabel\">oglas<\/div><div style=\"height: 250px;\"><script async src=\"https:\/\/pagead2.googlesyndication.com\/pagead\/js\/adsbygoogle.js?client=ca-pub-8106111766207173\"\r\n     crossorigin=\"anonymous\"><\/script>\r\n<!-- Display-1 -->\r\n<ins class=\"adsbygoogle\"\r\n     style=\"display:block\"\r\n     data-ad-client=\"ca-pub-8106111766207173\"\r\n     data-ad-slot=\"1465712950\"\r\n     data-ad-format=\"auto\"\r\n     data-full-width-responsive=\"true\"><\/ins>\r\n<script>\r\n     (adsbygoogle = window.adsbygoogle || []).push({});\r\n<\/script><\/div><\/div>","protected":false},"excerpt":{"rendered":"<p>Gospo\u0111a Tihana (59) s nama je podijelila svoje kajanje \u0161to je u \u017eivotu najmanje obzira imala prema majci, koja je najvi\u0161e zavrijedila njezinu ljubav i po\u0161tovanje. Danas joj je \u017eao \u0161to toliko puta nije dalo majci \u010dak ni javiti na telefon.<\/p>\n","protected":false},"author":17,"featured_media":98968,"comment_status":"closed","ping_status":"closed","sticky":false,"template":"","format":"standard","meta":{"footnotes":""},"categories":[3552],"tags":[3600,3532],"class_list":["post-98674","post","type-post","status-publish","format-standard","has-post-thumbnail","hentry","category-povjerljivo","tag-majke-i-kceri","tag-roditelji-i-djeca"],"_links":{"self":[{"href":"https:\/\/www.mojevrijeme.hr\/magazin\/wp-json\/wp\/v2\/posts\/98674","targetHints":{"allow":["GET"]}}],"collection":[{"href":"https:\/\/www.mojevrijeme.hr\/magazin\/wp-json\/wp\/v2\/posts"}],"about":[{"href":"https:\/\/www.mojevrijeme.hr\/magazin\/wp-json\/wp\/v2\/types\/post"}],"author":[{"embeddable":true,"href":"https:\/\/www.mojevrijeme.hr\/magazin\/wp-json\/wp\/v2\/users\/17"}],"replies":[{"embeddable":true,"href":"https:\/\/www.mojevrijeme.hr\/magazin\/wp-json\/wp\/v2\/comments?post=98674"}],"version-history":[{"count":0,"href":"https:\/\/www.mojevrijeme.hr\/magazin\/wp-json\/wp\/v2\/posts\/98674\/revisions"}],"wp:featuredmedia":[{"embeddable":true,"href":"https:\/\/www.mojevrijeme.hr\/magazin\/wp-json\/wp\/v2\/media\/98968"}],"wp:attachment":[{"href":"https:\/\/www.mojevrijeme.hr\/magazin\/wp-json\/wp\/v2\/media?parent=98674"}],"wp:term":[{"taxonomy":"category","embeddable":true,"href":"https:\/\/www.mojevrijeme.hr\/magazin\/wp-json\/wp\/v2\/categories?post=98674"},{"taxonomy":"post_tag","embeddable":true,"href":"https:\/\/www.mojevrijeme.hr\/magazin\/wp-json\/wp\/v2\/tags?post=98674"}],"curies":[{"name":"wp","href":"https:\/\/api.w.org\/{rel}","templated":true}]}}