{"id":99465,"date":"2024-02-21T17:44:01","date_gmt":"2024-02-21T16:44:01","guid":{"rendered":"https:\/\/www.mojevrijeme.hr\/magazin\/?p=99465"},"modified":"2024-02-21T17:50:30","modified_gmt":"2024-02-21T16:50:30","slug":"dijete-sunca-uzgojite-razigrani-kosmos-ljetnicu-sezone-2024","status":"publish","type":"post","link":"https:\/\/www.mojevrijeme.hr\/magazin\/2024\/02\/dijete-sunca-uzgojite-razigrani-kosmos-ljetnicu-sezone-2024\/","title":{"rendered":"Dijete sunca: Uzgojite razigrani kosmos, ljetnicu sezone 2024!"},"content":{"rendered":"\n<p>Kosmos ili uresnica <em>(Cosmos bipinnatus)<\/em> je biljka koja obo\u017eava sunce, a cvate do iznemoglosti. Mnogi vrtlari je uzgajaju zbog dojma divlje razigranosti, ali i delikatnosti; na gredici ili izme\u0111u drugog ukrasnog bilja.<\/p>\n\n\n\n<p>Posljednjih desetlje\u0107a posebno je kori\u0161tena u sjemenskim smjesama \u010dijim sijanjem posti\u017eemo ugo\u0111aj cvjetne livade. Sjajno se nadopunjuje s razli\u010dcima, <a href=\"https:\/\/www.mojevrijeme.hr\/magazin\/2024\/02\/najljekovitiji-cvijet-tradicijskih-vrtova-kako-uzgojiti-i-pripremiti-neven\/\" data-type=\"post\" data-id=\"98138\">nevenima<\/a>, ivan\u010dicama i sli\u010dnim cvjetnicama koje daju dojam poljskog cvije\u0107a.<\/p>\n\n\n\n<p>Biljka cvate na dugim, prozra\u010dnim i, naizgled, krhkim gran\u010dicama na \u010dijim \u0107e se krajevima otvoriti oblak savr\u0161enih cvjetova u bezbroj boja. Mo\u017ee dosegnuti visinu odraslog \u010dovjeka, pa i vi\u0161u. Postoje i kompaktniji varijeteti koji su pogodniji za sadnju u lonce i \u017eardinjere. Osim toga, kosmosi su prakti\u010dno rezano cvije\u0107e, a obo\u017eavaju ih i p\u010dele i bumbari.<\/p><div id=\"mojev-3306325054\" class=\"mojev-u-tekstu mojev-entity-placement\" style=\"margin-left: auto;margin-right: auto;text-align: center;\"><div class=\"mojev-adlabel\">oglas<\/div><div style=\"height: 250px;\"><script async src=\"https:\/\/pagead2.googlesyndication.com\/pagead\/js\/adsbygoogle.js?client=ca-pub-8106111766207173\"\r\n     crossorigin=\"anonymous\"><\/script>\r\n<!-- Prikazni 1 u tekstu -->\r\n<ins class=\"adsbygoogle\"\r\n     style=\"display:block\"\r\n     data-ad-client=\"ca-pub-8106111766207173\"\r\n     data-ad-slot=\"8535551207\"\r\n     data-ad-format=\"auto\"\r\n     data-full-width-responsive=\"true\"><\/ins>\r\n<script>\r\n     (adsbygoogle = window.adsbygoogle || []).push({});\r\n<\/script><\/div><\/div><br style=\"clear: both; display: block; float: none;\"\/>\n\n\n\n<h3 class=\"wp-block-heading\">Kako uzgajati kosmos?<\/h3>\n\n\n\n<p>S obzirom da je porijeklom iz Ju\u017ene i Srednje Amerike, kosmos je pravo dijete sunca. Uzgajajte ga na toplom i sun\u010danom mjestu. Vlagu voli, no ne voli tla koja zadr\u017eavaju vodu. Uglavnom, su\u0161u \u0107e lak\u0161e podnijeti nego vi\u0161ak vode. <\/p>\n\n\n\n<p>Posijte sjeme u rano prolje\u0107e izravno u tlo ili tijekom o\u017eujka i po\u010detkom travnja u male lon\u010di\u0107e napunjene ocjeditim supstratom. Sadite na otvoreno krajem travnja ili po\u010detkom svibnja, nakon \u0161to pro\u0111e opasnost od mraza.<\/p>\n\n\n\n<p>Nakon \u0161to su sadnice formirale 2-3 para listova, mo\u017eete otkinuti vrhove kako bi se biljka razgranala i, u kona\u010dnici, proizvela vi\u0161e cvijeta. Vi\u0161im sortama \u0107e mo\u017eda trebati osigurati oslonac. Uklanjajte ocvale cvjetove kako bi bogata cvatnja trajala od po\u010detka lipnja do do prvih mrazova. Redovno prihranjujte teku\u0107im gnojivom za vrtne cvjetnice prema uputama na ambala\u017ei.<\/p>\n\n\n\n<figure class=\"wp-block-image size-large\"><img loading=\"lazy\" decoding=\"async\" width=\"740\" height=\"444\" src=\"https:\/\/www.mojevrijeme.hr\/magazin\/wp-content\/uploads\/2024\/02\/kosmosi-740x444.jpg\" alt=\"\" class=\"wp-image-99477\" srcset=\"https:\/\/www.mojevrijeme.hr\/magazin\/wp-content\/uploads\/2024\/02\/kosmosi-740x444.jpg 740w, https:\/\/www.mojevrijeme.hr\/magazin\/wp-content\/uploads\/2024\/02\/kosmosi-636x382.jpg 636w, https:\/\/www.mojevrijeme.hr\/magazin\/wp-content\/uploads\/2024\/02\/kosmosi-768x461.jpg 768w, https:\/\/www.mojevrijeme.hr\/magazin\/wp-content\/uploads\/2024\/02\/kosmosi-1536x922.jpg 1536w, https:\/\/www.mojevrijeme.hr\/magazin\/wp-content\/uploads\/2024\/02\/kosmosi-1500x900.jpg 1500w, https:\/\/www.mojevrijeme.hr\/magazin\/wp-content\/uploads\/2024\/02\/kosmosi-1600x960.jpg 1600w, https:\/\/www.mojevrijeme.hr\/magazin\/wp-content\/uploads\/2024\/02\/kosmosi-590x354.jpg 590w, https:\/\/www.mojevrijeme.hr\/magazin\/wp-content\/uploads\/2024\/02\/kosmosi-400x240.jpg 400w, https:\/\/www.mojevrijeme.hr\/magazin\/wp-content\/uploads\/2024\/02\/kosmosi.jpg 2000w\" sizes=\"auto, (max-width: 740px) 100vw, 740px\" \/><figcaption class=\"wp-element-caption\">foto: Ta Hi\/Scopio<\/figcaption><\/figure>\n\n\n\n<p><em>Cosmos bipinnatus<\/em> koristi se u tradicionalnom lije\u010denju za razne bolesti kao \u0161to su \u017eutica,  groznica i pove\u0107anja slezene. Rezultati znanstvenog <a href=\"https:\/\/pubmed.ncbi.nlm.nih.gov\/18758962\/\" target=\"_blank\" rel=\"noreferrer noopener\">istra\u017eivanja<\/a> pokazuju da ima zna\u010dajno antioksidativno djelovanje i za\u0161titni u\u010dinak protiv oksidativnog o\u0161te\u0107enja DNK.<\/p>\n<div id=\"mojev-2024828208\" class=\"mojev-kraj-teksta mojev-entity-placement\" style=\"margin-bottom: 20px;margin-left: auto;margin-right: auto;text-align: center;\"><div class=\"mojev-adlabel\">oglas<\/div><div style=\"height: 250px;\"><script async src=\"https:\/\/pagead2.googlesyndication.com\/pagead\/js\/adsbygoogle.js?client=ca-pub-8106111766207173\"\r\n     crossorigin=\"anonymous\"><\/script>\r\n<!-- Display-1 -->\r\n<ins class=\"adsbygoogle\"\r\n     style=\"display:block\"\r\n     data-ad-client=\"ca-pub-8106111766207173\"\r\n     data-ad-slot=\"1465712950\"\r\n     data-ad-format=\"auto\"\r\n     data-full-width-responsive=\"true\"><\/ins>\r\n<script>\r\n     (adsbygoogle = window.adsbygoogle || []).push({});\r\n<\/script><\/div><\/div>","protected":false},"excerpt":{"rendered":"<p>Zbog jedinstvenog izgleda, ali i lako\u0107e uzgoja, kosmos \u0107e prona\u0107i mjesto na reprezentativnoj cvjetnoj gredici, ali i u povrtnjaku.<\/p>\n","protected":false},"author":1,"featured_media":99476,"comment_status":"closed","ping_status":"closed","sticky":false,"template":"","format":"standard","meta":{"footnotes":""},"categories":[3497],"tags":[809,579,3623,3909,55],"class_list":["post-99465","post","type-post","status-publish","format-standard","has-post-thumbnail","hentry","category-vrt","tag-biljke","tag-cvijece","tag-cvjetnjak","tag-kosmos","tag-vrt"],"_links":{"self":[{"href":"https:\/\/www.mojevrijeme.hr\/magazin\/wp-json\/wp\/v2\/posts\/99465","targetHints":{"allow":["GET"]}}],"collection":[{"href":"https:\/\/www.mojevrijeme.hr\/magazin\/wp-json\/wp\/v2\/posts"}],"about":[{"href":"https:\/\/www.mojevrijeme.hr\/magazin\/wp-json\/wp\/v2\/types\/post"}],"author":[{"embeddable":true,"href":"https:\/\/www.mojevrijeme.hr\/magazin\/wp-json\/wp\/v2\/users\/1"}],"replies":[{"embeddable":true,"href":"https:\/\/www.mojevrijeme.hr\/magazin\/wp-json\/wp\/v2\/comments?post=99465"}],"version-history":[{"count":0,"href":"https:\/\/www.mojevrijeme.hr\/magazin\/wp-json\/wp\/v2\/posts\/99465\/revisions"}],"wp:featuredmedia":[{"embeddable":true,"href":"https:\/\/www.mojevrijeme.hr\/magazin\/wp-json\/wp\/v2\/media\/99476"}],"wp:attachment":[{"href":"https:\/\/www.mojevrijeme.hr\/magazin\/wp-json\/wp\/v2\/media?parent=99465"}],"wp:term":[{"taxonomy":"category","embeddable":true,"href":"https:\/\/www.mojevrijeme.hr\/magazin\/wp-json\/wp\/v2\/categories?post=99465"},{"taxonomy":"post_tag","embeddable":true,"href":"https:\/\/www.mojevrijeme.hr\/magazin\/wp-json\/wp\/v2\/tags?post=99465"}],"curies":[{"name":"wp","href":"https:\/\/api.w.org\/{rel}","templated":true}]}}