{"id":9962,"date":"2017-07-25T14:24:10","date_gmt":"2017-07-25T12:24:10","guid":{"rendered":"http:\/\/www.mojevrijeme.hr\/magazin\/?p=9962"},"modified":"2017-07-25T14:24:10","modified_gmt":"2017-07-25T12:24:10","slug":"ministar-pavic-umirovljenike-je-uputio-na-europske-fondove","status":"publish","type":"post","link":"https:\/\/www.mojevrijeme.hr\/magazin\/2017\/07\/ministar-pavic-umirovljenike-je-uputio-na-europske-fondove\/","title":{"rendered":"Ministar Pavi\u0107 umirovljenike je uputio na europske fondove"},"content":{"rendered":"<p>Novom ministru rada i mirovinskog sustava Marku Pavi\u0107u nije trebalo puno vremena da odr\u017ei prvi sastanak s \u010delnicima umirovljeni\u010dkih udruga, predsjednicom i zamjenikom Sindikata umirovljenika Hrvatske \u2013 Jasnom A. Petrovi\u0107 i Milanom Tomi\u010di\u0107em, te predsjednikom Matice umirovljenika Josipom Kova\u010di\u0107em, u pratnji Save Eski\u010devi\u0107a.<\/p>\n<p>Petrovi\u0107 i Kova\u010di\u0107 zatra\u017eili su kao prioritetno da se \u0161to prije promijeni model uskla\u0111ivanja mirovina, zaustavi siroma\u0161tvo te otvori mogu\u0107nost svim umirovljenicima da bez obustave mirovine mogu raditi (sada je to dopu\u0161teno samo starosnim umirovljenicima), umjesto \u0161to se planira pove\u0107ati uvoz radne snage. Od ministra su ovom prigodom, osim ljubaznih op\u0107ih rije\u010di, dobili samo obe\u0107anje da \u0107e se o svim stavkama iz programa rada Nacionalnog vije\u0107a za umirovljenike i starije osobe, raspravljati to\u010dku po to\u010dku.<\/p>\n<p>Ministar je u vi\u0161e navrata upu\u0107ivao umirovljeni\u010dke predstavnike na europske fondove, te predlagao da se tamo na\u0111u rje\u0161enja barem za dio problema. Na tvrdnju Petrovi\u0107 kako Hrvatskoj nedostaje strategija starenja i politike za starije osobe, rekao je kako Hrvatska ima sve potrebne strategije.<\/p><div id=\"mojev-206994161\" class=\"mojev-u-tekstu mojev-entity-placement\" style=\"margin-left: auto;margin-right: auto;text-align: center;\"><div class=\"mojev-adlabel\">oglas<\/div><div style=\"height: 250px;\"><script async src=\"https:\/\/pagead2.googlesyndication.com\/pagead\/js\/adsbygoogle.js?client=ca-pub-8106111766207173\"\r\n     crossorigin=\"anonymous\"><\/script>\r\n<!-- Prikazni 1 u tekstu -->\r\n<ins class=\"adsbygoogle\"\r\n     style=\"display:block\"\r\n     data-ad-client=\"ca-pub-8106111766207173\"\r\n     data-ad-slot=\"8535551207\"\r\n     data-ad-format=\"auto\"\r\n     data-full-width-responsive=\"true\"><\/ins>\r\n<script>\r\n     (adsbygoogle = window.adsbygoogle || []).push({});\r\n<\/script><\/div><\/div><br style=\"clear: both; display: block; float: none;\"\/>\n<p>Iako ovakav po\u010detak dijaloga nije zadovoljavaju\u0107i za hrvatske umirovljenike s prosje\u010dnom mirovinom od 2.165 kuna, a posebno ne za svakog tre\u0107u stariju osobu koja se nalazi u zoni siroma\u0161tva, i ovo je pomak jer takav razgovor nije pokrenut s prethodna dva ministra \u2013 Nadom \u0160iki\u0107 i Tomislavom \u0106ori\u0107em. Potonji je zadnjom rotacijom oti\u0161ao na du\u017enost ministra za\u0161tite okoli\u0161a i energetike, dok je klimatolog i meteorolog Marko Pavi\u0107 preuzeo rad i mirovinski sustav. Umirovljenicima preostaje zazivati padaline. <em>(suh.hr)<\/em><\/p>\n<p><iframe loading=\"lazy\" src=\"https:\/\/www.facebook.com\/plugins\/post.php?href=https%3A%2F%2Fwww.facebook.com%2Fjasna.a.petrovic%2Fposts%2F10212108457939498&#038;width=656&#038;show_text=true&#038;appId=702830876459350&#038;height=627\" width=\"656\" height=\"627\" style=\"border:none;overflow:hidden\" scrolling=\"no\" frameborder=\"0\" allowTransparency=\"true\"><\/iframe><\/p>\n<div id=\"mojev-2298172434\" class=\"mojev-kraj-teksta mojev-entity-placement\" style=\"margin-bottom: 20px;margin-left: auto;margin-right: auto;text-align: center;\"><div class=\"mojev-adlabel\">oglas<\/div><div style=\"height: 250px;\"><script async src=\"https:\/\/pagead2.googlesyndication.com\/pagead\/js\/adsbygoogle.js?client=ca-pub-8106111766207173\"\r\n     crossorigin=\"anonymous\"><\/script>\r\n<!-- Display-1 -->\r\n<ins class=\"adsbygoogle\"\r\n     style=\"display:block\"\r\n     data-ad-client=\"ca-pub-8106111766207173\"\r\n     data-ad-slot=\"1465712950\"\r\n     data-ad-format=\"auto\"\r\n     data-full-width-responsive=\"true\"><\/ins>\r\n<script>\r\n     (adsbygoogle = window.adsbygoogle || []).push({});\r\n<\/script><\/div><\/div>","protected":false},"excerpt":{"rendered":"<p>Predstavnici umirovljenika zatra\u017eili su kao prioritetno da se \u0161to prije promijeni model uskla\u0111ivanja mirovina, zaustavi siroma\u0161tvo te otvori mogu\u0107nost svim umirovljenicima da bez obustave mirovine mogu raditi (sada je to dopu\u0161teno samo starosnim umirovljenicima), umjesto \u0161to se planira pove\u0107ati uvoz radne snage.<\/p>\n","protected":false},"author":1,"featured_media":9529,"comment_status":"closed","ping_status":"open","sticky":false,"template":"","format":"standard","meta":{"footnotes":""},"categories":[9],"tags":[938,167],"class_list":["post-9962","post","type-post","status-publish","format-standard","has-post-thumbnail","hentry","category-vijesti","tag-marko-pavic","tag-sindikat-umirovljenika"],"_links":{"self":[{"href":"https:\/\/www.mojevrijeme.hr\/magazin\/wp-json\/wp\/v2\/posts\/9962","targetHints":{"allow":["GET"]}}],"collection":[{"href":"https:\/\/www.mojevrijeme.hr\/magazin\/wp-json\/wp\/v2\/posts"}],"about":[{"href":"https:\/\/www.mojevrijeme.hr\/magazin\/wp-json\/wp\/v2\/types\/post"}],"author":[{"embeddable":true,"href":"https:\/\/www.mojevrijeme.hr\/magazin\/wp-json\/wp\/v2\/users\/1"}],"replies":[{"embeddable":true,"href":"https:\/\/www.mojevrijeme.hr\/magazin\/wp-json\/wp\/v2\/comments?post=9962"}],"version-history":[{"count":0,"href":"https:\/\/www.mojevrijeme.hr\/magazin\/wp-json\/wp\/v2\/posts\/9962\/revisions"}],"wp:featuredmedia":[{"embeddable":true,"href":"https:\/\/www.mojevrijeme.hr\/magazin\/wp-json\/wp\/v2\/media\/9529"}],"wp:attachment":[{"href":"https:\/\/www.mojevrijeme.hr\/magazin\/wp-json\/wp\/v2\/media?parent=9962"}],"wp:term":[{"taxonomy":"category","embeddable":true,"href":"https:\/\/www.mojevrijeme.hr\/magazin\/wp-json\/wp\/v2\/categories?post=9962"},{"taxonomy":"post_tag","embeddable":true,"href":"https:\/\/www.mojevrijeme.hr\/magazin\/wp-json\/wp\/v2\/tags?post=9962"}],"curies":[{"name":"wp","href":"https:\/\/api.w.org\/{rel}","templated":true}]}}